{"id":10720,"date":"2018-09-07T08:51:51","date_gmt":"2018-09-07T06:51:51","guid":{"rendered":"https:\/\/www.vdsm.net\/wronline\/?p=10720"},"modified":"2018-09-07T09:01:10","modified_gmt":"2018-09-07T07:01:10","slug":"traeger-des-bildungsinstitutes-fuer-gesundheitsberufe-bieten-50-weitere-ausbildungsplaetze-in-siegen-an","status":"publish","type":"post","link":"https:\/\/www.vdsm.net\/wronline\/traeger-des-bildungsinstitutes-fuer-gesundheitsberufe-bieten-50-weitere-ausbildungsplaetze-in-siegen-an\/","title":{"rendered":"Tr\u00e4ger des Bildungsinstitutes f\u00fcr Gesundheitsberufe bieten 50 weitere Ausbildungspl\u00e4tze in Siegen an"},"content":{"rendered":"<p>Wer sich heute f\u00fcr eine Ausbildung entscheidet, m\u00f6chte einen Beruf mit Zukunft erlernen. Genau\u00a0diese Zukunft bieten Arbeitspl\u00e4tze im Gesundheitssektor aufgrund der demographischen\u00a0Entwicklung. Die medizinische und pflegerische Versorgung wird immer besser, die Menschen immer\u00a0\u00e4lter. Medikamente und andere Hilfsmittel wie H\u00f6rger\u00e4t, Brille oder Rollator erm\u00f6glichen \u00e4lteren\u00a0Menschen, bis ins hohe Alter aktiv am Leben teilzunehmen und lange in den eigenen vier W\u00e4nden\u00a0wohnen zu bleiben. Im Vergleich zu anderen L\u00e4ndern z\u00e4hlt Deutschland zu den L\u00e4ndern mit der\u00a0besten medizinischen Versorgung. Und egal ob Pflegedienste, Krankenh\u00e4user, Arztpraxen oder\u00a0andere Einrichtungen: Im Gesundheitswesen in unserem Land gibt es \u00fcber vier Millionen\u00a0Arbeitspl\u00e4tze, Tendenz weiter steigend. Inzwischen hat sich bei vielen dieser Berufe auch der Status\u00a0gewandelt. Wer andere Menschen in schwierigen Zeiten versorgt, findet Anerkennung f\u00fcr die in\u00a0jeder Hinsicht nicht immer einfache Arbeit.<\/p>\n<p>Um einen Beitrag f\u00fcr die angespannte Situation bei Pflegeberufen in der Region zu leisten, haben die\u00a0Kliniken hinter dem <a href=\"http:\/\/www.bigs-siegen.de\" target=\"_blank\" rel=\"noopener\">Bildungsinstitutes f\u00fcr Gesundheitsberufe<\/a> in S\u00fcdwestfalen, die <a href=\"https:\/\/www.drk-kinderklinik.de\/home\/\" target=\"_blank\" rel=\"noopener\">DRK-Kinderklinik\u00a0Siegen<\/a>, das <a href=\"https:\/\/www.kreisklinikum-siegen.de\/\" target=\"_blank\" rel=\"noopener\">Kreisklinikum<\/a> und die <a href=\"https:\/\/www.marienkrankenhaus.com\/home\/\" target=\"_blank\" rel=\"noopener\">Marien Kliniken \u2013 St. Marien-Krankenhaus Siegen<\/a>, beschlossen, zum Start der Einrichtung im kommenden Jahr den bereits geplanten 350 Ausbildungspl\u00e4tzen\u00a0weitere 50 Pl\u00e4tze im Bereich der Pflege anzubieten.<\/p>\n<p>W\u00e4hrend die aktuellen Ausbildungsg\u00e4nge wie gewohnt zum Oktober beginnen, k\u00f6nnen 50 zuk\u00fcnftige\u00a0Gesundheits- und Kinder- bzw. Gesundheits- und Krankenpflegekr\u00e4fte im April 2019 ihre Ausbildung\u00a0antreten. Der Gesch\u00e4ftsf\u00fchrer des BiGS, Uwe Mayenschein, freut sich sehr \u00fcber dieses Signal der\u00a0Tr\u00e4ger: \u201eDie Gesch\u00e4ftsf\u00fchrer haben nicht gez\u00f6gert, mit diesem Zusatzangebot ein Zeichen f\u00fcr das\u00a0Bildungsinstitut, aber auch f\u00fcr die jeweiligen Standorte zu setzen.\u201c Stefanie Wied, Gesch\u00e4ftsf\u00fchrerin\u00a0der DRK-Kinderklinik erg\u00e4nzt: \u201eIm Nachwuchs gerade in der Pflege liegt ein Schl\u00fcssel f\u00fcr unseren\u00a0zuk\u00fcnftigen Erfolg. Daher m\u00f6chten wir ein weiteres Zeichen setzen und zum Start von BiGS\u00a0zus\u00e4tzliche 50 Pl\u00e4tze in der Pflege ausschreiben.\u201c \u201eMit dem innovativen Konzept des\u00a0Bildungsinstitutes bieten wir jungen Menschen aus der Region Ausbildungsangebote in der gesamten\u00a0Bandbreite der Pflege auf einem ganz neuen Niveau. Daher wollen wir mit diesem Schritt der\u00a0versetzten Ausbildungszeiten weitere junge Menschen ansprechen, die hier in der Region eine\u00a0Perspektive suchen\u201c, so Bertram M\u00fcller, Gesch\u00e4ftsf\u00fchrer des Siegener Kreisklinikums. Und auch\u00a0Hans-J\u00fcrgen Winkelmann, der Gesch\u00e4ftsf\u00fchrer der Marien Gesellschaft Siegen, zu der das St. MarienKrankenhaus\u00a0Siegen geh\u00f6rt, betont: \u201eWenn wir unsere Versorgungsqualit\u00e4t weiterhin auf dem\u00a0Niveau halten und verbessern wollen, dann m\u00fcssen wir jetzt in den Nachwuchs investieren. Das\u00a0bringen wir mit diesem weiteren Signal auch klar zum Ausdruck.\u201c<\/p>\n<p>Bis Ende 2018 entsteht auf dem Gel\u00e4nde unterhalb der Kinderklinik durch den DRK-Landesverband\u00a0Westfalen-Lippe als Bauherrn ein multifunktionales Schul- und Ausbildungszentrum f\u00fcr 400\u00a0Auszubildende mit 2.900 m\u00b2 Gesamtfl\u00e4che. Der Landesverband investiert mehr als 7,0 Mio. Euro in\u00a0das neue Geb\u00e4ude, in dem ab Fr\u00fchjahr 2019 moderne Bildungsarbeit mit aktueller technischer\u00a0Ausstattung sowie attraktiver Aufenthaltsqualit\u00e4t vereint werden. Mit Fertigstellung Anfang 2019\u00a0k\u00f6nnen die drei Siegener Tr\u00e4ger dann insgesamt 400 Ausbildungspl\u00e4tze in der Gesundheits- und\u00a0Krankenpflege, der Gesundheits- und Kinderkrankenpflege und in der Altenpflege anbieten.\u00a0Auszubildende haben zudem die M\u00f6glichkeit, im Rahmen eines dualen Studiums berufsbegleitend in\u00a0einer Hochschulkooperation mit der Hamburger Fernhochschule HFH den Studiengang \u201eHealth Care\u00a0Studies\u201c mit einem Bachelor of Science (B.Sc.) abzuschlie\u00dfen. Ein Ausbildungsangebot zur\u00a0operationstechnischen Assistenz soll die Ausbildungskapazit\u00e4ten zudem sp\u00e4ter erweitern. Innovative\u00a0Projekte mit der Universit\u00e4t Siegen sind dar\u00fcber hinaus in Planung. Die weitere hochschulische\u00a0Vernetzung wird angestrebt.<\/p>\n<p>Bei der Pressekonferenz am Freitag zeigte sich den Teilnehmern das neue Geb\u00e4ude in der\u00a0Saarbr\u00fccker Stra\u00dfe dann auch im fortgeschrittenen Ausbaustadium. Schon jetzt l\u00e4sst sich erkennen,\u00a0dass hier zuk\u00fcnftig eine neue Qualit\u00e4t der Aus-, Fort- und Weiterbildung in den Gesundheitsberufen\u00a0erfolgen wird. Bleibt nur zu hoffen, dass sich auch gen\u00fcgend geeignete Bewerber aus der Region\u00a0finden. Bewerber k\u00f6nnen sich ab sofort bei den Personalabteilungen der drei Siegener Kliniken\u00a0bewerben.<\/p>\n","protected":false},"excerpt":{"rendered":"<p>Wer sich heute f\u00fcr eine Ausbildung entscheidet, m\u00f6chte einen Beruf mit Zukunft erlernen. Genau\u00a0diese Zukunft bieten Arbeitspl\u00e4tze im Gesundheitssektor aufgrund der demographischen\u00a0Entwicklung. Die medizinische und&#8230;<\/p>\n","protected":false},"author":6,"featured_media":10723,"comment_status":"open","ping_status":"open","sticky":false,"template":"","format":"standard","meta":{"_jetpack_memberships_contains_paid_content":false,"footnotes":""},"categories":[16,8,32,30],"tags":[],"class_list":["post-10720","post","type-post","status-publish","format-standard","has-post-thumbnail","hentry","category-arbeitsmarkt","category-ausbildung","category-infos","category-vermischtes"],"jetpack_featured_media_url":"https:\/\/www.vdsm.net\/wronline\/wp-content\/uploads\/2018\/09\/BiGS-PK-2018_WEB.jpg","jetpack_sharing_enabled":true,"_links":{"self":[{"href":"https:\/\/www.vdsm.net\/wronline\/wp-json\/wp\/v2\/posts\/10720","targetHints":{"allow":["GET"]}}],"collection":[{"href":"https:\/\/www.vdsm.net\/wronline\/wp-json\/wp\/v2\/posts"}],"about":[{"href":"https:\/\/www.vdsm.net\/wronline\/wp-json\/wp\/v2\/types\/post"}],"author":[{"embeddable":true,"href":"https:\/\/www.vdsm.net\/wronline\/wp-json\/wp\/v2\/users\/6"}],"replies":[{"embeddable":true,"href":"https:\/\/www.vdsm.net\/wronline\/wp-json\/wp\/v2\/comments?post=10720"}],"version-history":[{"count":6,"href":"https:\/\/www.vdsm.net\/wronline\/wp-json\/wp\/v2\/posts\/10720\/revisions"}],"predecessor-version":[{"id":10730,"href":"https:\/\/www.vdsm.net\/wronline\/wp-json\/wp\/v2\/posts\/10720\/revisions\/10730"}],"wp:featuredmedia":[{"embeddable":true,"href":"https:\/\/www.vdsm.net\/wronline\/wp-json\/wp\/v2\/media\/10723"}],"wp:attachment":[{"href":"https:\/\/www.vdsm.net\/wronline\/wp-json\/wp\/v2\/media?parent=10720"}],"wp:term":[{"taxonomy":"category","embeddable":true,"href":"https:\/\/www.vdsm.net\/wronline\/wp-json\/wp\/v2\/categories?post=10720"},{"taxonomy":"post_tag","embeddable":true,"href":"https:\/\/www.vdsm.net\/wronline\/wp-json\/wp\/v2\/tags?post=10720"}],"curies":[{"name":"wp","href":"https:\/\/api.w.org\/{rel}","templated":true}]}}