{"id":10671,"date":"2018-09-05T08:44:02","date_gmt":"2018-09-05T06:44:02","guid":{"rendered":"https:\/\/www.vdsm.net\/wronline\/?p=10671"},"modified":"2018-09-05T08:44:02","modified_gmt":"2018-09-05T06:44:02","slug":"leistungsstarke-anlage-zur-edelstahlbandherstellung","status":"publish","type":"post","link":"https:\/\/www.vdsm.net\/wronline\/leistungsstarke-anlage-zur-edelstahlbandherstellung\/","title":{"rendered":"Leistungsstarke Anlage zur Edelstahlbandherstellung"},"content":{"rendered":"<p>Aperam Stainless Belgium, Belgien, hat <a href=\"http:\/\/www.sms-group.com\" target=\"_blank\" rel=\"noopener\">SMS group\u00a0<\/a>mit der Lieferung einer Gl\u00fch- und Beizlinie f\u00fcr Edelstahlkaltband f\u00fcr das Werk in Genk in Belgien beauftragt. Der Produktionsstart ist f\u00fcr 2020 geplant. Mit dieser Investition in modernste und zukunftsorientierte Anlagentechnik wird Aperam seine Produktpalette um anspruchsvolle Anwendungen erweitern sowie Vorlaufzeit und Flexibilit\u00e4t im Hinblick auf die Marktnachfrage verbessern. Weiterhin werden die Effizienz und Kostenwettbewerbsf\u00e4higkeit der Anlagen gesteigert sowie kontinuierlich die Auswirkungen auf Gesundheit, Sicherheit und Umwelt verbessert.<\/p>\n<p>Insbesondere zeichnet sich die Anlage durch den hohen Automatisierungsgrad und ressourcenschonende Prozesse aus. Die Linie enth\u00e4lt neben einem horizontalen Drever-Gl\u00fchofen und einer mehrstufigen Beizsektion auch ein Quarto Dressierger\u00fcst sowie eine Bes\u00e4umschere. Die neue Gl\u00fch- und Beizlinie wird bereits die vierte Gl\u00fch- und Beizlinie sein, die die SMS group f\u00fcr Aperam in Genk errichtet.<\/p>\n<p>Neben Mechanik, Verfahrenstechnik, Ofentechnik, Elektrik und Automation geh\u00f6rt die technische Assistenz bei der Installation und\u00a0Inbetriebnahme zum Lieferumfang. In der Linie werden sowohl austenitische als auch ferritische G\u00fcten bearbeitet.<\/p>\n","protected":false},"excerpt":{"rendered":"<p>Aperam Stainless Belgium, Belgien, hat SMS group\u00a0mit der Lieferung einer Gl\u00fch- und Beizlinie f\u00fcr Edelstahlkaltband f\u00fcr das Werk in Genk in Belgien beauftragt. Der Produktionsstart&#8230;<\/p>\n","protected":false},"author":2,"featured_media":10672,"comment_status":"open","ping_status":"open","sticky":false,"template":"","format":"standard","meta":{"_jetpack_memberships_contains_paid_content":false,"footnotes":""},"categories":[10],"tags":[],"class_list":["post-10671","post","type-post","status-publish","format-standard","has-post-thumbnail","hentry","category-unternehmen"],"jetpack_featured_media_url":"https:\/\/www.vdsm.net\/wronline\/wp-content\/uploads\/2018\/09\/01_Aperam_04.09.2018.jpg","jetpack_sharing_enabled":true,"_links":{"self":[{"href":"https:\/\/www.vdsm.net\/wronline\/wp-json\/wp\/v2\/posts\/10671","targetHints":{"allow":["GET"]}}],"collection":[{"href":"https:\/\/www.vdsm.net\/wronline\/wp-json\/wp\/v2\/posts"}],"about":[{"href":"https:\/\/www.vdsm.net\/wronline\/wp-json\/wp\/v2\/types\/post"}],"author":[{"embeddable":true,"href":"https:\/\/www.vdsm.net\/wronline\/wp-json\/wp\/v2\/users\/2"}],"replies":[{"embeddable":true,"href":"https:\/\/www.vdsm.net\/wronline\/wp-json\/wp\/v2\/comments?post=10671"}],"version-history":[{"count":1,"href":"https:\/\/www.vdsm.net\/wronline\/wp-json\/wp\/v2\/posts\/10671\/revisions"}],"predecessor-version":[{"id":10673,"href":"https:\/\/www.vdsm.net\/wronline\/wp-json\/wp\/v2\/posts\/10671\/revisions\/10673"}],"wp:featuredmedia":[{"embeddable":true,"href":"https:\/\/www.vdsm.net\/wronline\/wp-json\/wp\/v2\/media\/10672"}],"wp:attachment":[{"href":"https:\/\/www.vdsm.net\/wronline\/wp-json\/wp\/v2\/media?parent=10671"}],"wp:term":[{"taxonomy":"category","embeddable":true,"href":"https:\/\/www.vdsm.net\/wronline\/wp-json\/wp\/v2\/categories?post=10671"},{"taxonomy":"post_tag","embeddable":true,"href":"https:\/\/www.vdsm.net\/wronline\/wp-json\/wp\/v2\/tags?post=10671"}],"curies":[{"name":"wp","href":"https:\/\/api.w.org\/{rel}","templated":true}]}}