{"id":10666,"date":"2018-09-05T10:06:56","date_gmt":"2018-09-05T08:06:56","guid":{"rendered":"https:\/\/www.vdsm.net\/wronline\/?p=10666"},"modified":"2018-09-05T10:16:17","modified_gmt":"2018-09-05T08:16:17","slug":"staatssekretaerin-besucht-attendorner-unternehmen","status":"publish","type":"post","link":"https:\/\/www.vdsm.net\/wronline\/staatssekretaerin-besucht-attendorner-unternehmen\/","title":{"rendered":"Staatssekret\u00e4rin besucht Attendorner Unternehmen"},"content":{"rendered":"<p>Die Staatssekret\u00e4rin f\u00fcr Integration im Ministerium f\u00fcr Kinder, Familie, Fl\u00fcchtlinge und Integration des Landes Nordrhein-Westfalen, Serap G\u00fcler, besuchte die Hansestadt Attendorn und die Unternehmen <a href=\"https:\/\/www.viega.de\/de\/homepage.html\" target=\"_blank\" rel=\"noopener\">Viega Holding GmbH &amp; Co. KG<\/a>, <a href=\"https:\/\/www.lewa-attendorn.com\/de\/\" target=\"_blank\" rel=\"noopener\">LEWA Attendorn GmbH <\/a> und <a href=\"https:\/\/www.kirchhoff-automotive.com\" target=\"_blank\" rel=\"noopener\">KIRCHHOFF Automotive GmbH<\/a>, um \u00fcber Fortschritte bei der Integration von Fl\u00fcchtlingen in Arbeit und Gesellschaft zu sprechen.<\/p>\n<p>Gew\u00fcrdigt wurde das gro\u00dfe Engagement vieler B\u00fcrger in der Nachbarschaft, in den Vereinen, der Verwaltung und auch der Industrie in der Sprach- und Berufsausbildung derjenigen Fl\u00fcchtlinge, die einen Aufenthaltsstatus haben.<\/p>\n<p>&#8222;Unsere starke Industrie ist auch in Zukunft auf Zuwanderung von geeigneten Fachkr\u00e4ften aus dem Ausland angewiesen. Deshalb ist es nur wichtig, dass der Gesetzgeber das Verfahren des Asylrechts, wo wir Menschen helfen wollen, die in existenzieller Not zu uns geflohen sind, von dem in der Gesetzgebung befindlichen Zuwanderungsrecht deutlich trennt, bei dem wir in Deutschland nicht vorhandene Fachkr\u00e4fte aus dem Ausland zu uns bitten wollen. Die Unterschiede m\u00fcssen den B\u00fcrgern in unserer Gesellschaft deutlich gemacht werden&#8220;, sagt Arndt G. Kirchhoff, gesch\u00e4ftsf\u00fchrender Gesellschafter der Kirchhoff Gruppe.<\/p>\n","protected":false},"excerpt":{"rendered":"<p>Die Staatssekret\u00e4rin f\u00fcr Integration im Ministerium f\u00fcr Kinder, Familie, Fl\u00fcchtlinge und Integration des Landes Nordrhein-Westfalen, Serap G\u00fcler, besuchte die Hansestadt Attendorn und die Unternehmen Viega&#8230;<\/p>\n","protected":false},"author":6,"featured_media":10667,"comment_status":"open","ping_status":"open","sticky":false,"template":"","format":"standard","meta":{"_jetpack_memberships_contains_paid_content":false,"footnotes":""},"categories":[10],"tags":[],"class_list":["post-10666","post","type-post","status-publish","format-standard","has-post-thumbnail","hentry","category-unternehmen"],"jetpack_featured_media_url":"https:\/\/www.vdsm.net\/wronline\/wp-content\/uploads\/2018\/09\/Besuch-Staatssekret\u00e4rin-G\u00fcler_IMG_6823_WEB.jpg","jetpack_sharing_enabled":true,"_links":{"self":[{"href":"https:\/\/www.vdsm.net\/wronline\/wp-json\/wp\/v2\/posts\/10666","targetHints":{"allow":["GET"]}}],"collection":[{"href":"https:\/\/www.vdsm.net\/wronline\/wp-json\/wp\/v2\/posts"}],"about":[{"href":"https:\/\/www.vdsm.net\/wronline\/wp-json\/wp\/v2\/types\/post"}],"author":[{"embeddable":true,"href":"https:\/\/www.vdsm.net\/wronline\/wp-json\/wp\/v2\/users\/6"}],"replies":[{"embeddable":true,"href":"https:\/\/www.vdsm.net\/wronline\/wp-json\/wp\/v2\/comments?post=10666"}],"version-history":[{"count":7,"href":"https:\/\/www.vdsm.net\/wronline\/wp-json\/wp\/v2\/posts\/10666\/revisions"}],"predecessor-version":[{"id":10678,"href":"https:\/\/www.vdsm.net\/wronline\/wp-json\/wp\/v2\/posts\/10666\/revisions\/10678"}],"wp:featuredmedia":[{"embeddable":true,"href":"https:\/\/www.vdsm.net\/wronline\/wp-json\/wp\/v2\/media\/10667"}],"wp:attachment":[{"href":"https:\/\/www.vdsm.net\/wronline\/wp-json\/wp\/v2\/media?parent=10666"}],"wp:term":[{"taxonomy":"category","embeddable":true,"href":"https:\/\/www.vdsm.net\/wronline\/wp-json\/wp\/v2\/categories?post=10666"},{"taxonomy":"post_tag","embeddable":true,"href":"https:\/\/www.vdsm.net\/wronline\/wp-json\/wp\/v2\/tags?post=10666"}],"curies":[{"name":"wp","href":"https:\/\/api.w.org\/{rel}","templated":true}]}}