{"id":10632,"date":"2018-09-03T12:36:48","date_gmt":"2018-09-03T10:36:48","guid":{"rendered":"https:\/\/www.vdsm.net\/wronline\/?p=10632"},"modified":"2018-09-03T15:08:47","modified_gmt":"2018-09-03T13:08:47","slug":"spatenstich-zum-baustart-des-neuen-gebaeudes-von-psv-marketing","status":"publish","type":"post","link":"https:\/\/www.vdsm.net\/wronline\/spatenstich-zum-baustart-des-neuen-gebaeudes-von-psv-marketing\/","title":{"rendered":"Spatenstich zum Baustart des neuen Geb\u00e4udes von PSV Marketing"},"content":{"rendered":"<p>Gemeinsam Hand anlegen war heute im Leimbachtal angesagt. Zusammen griffen am Morgen der Siegener B\u00fcrgermeister Steffen Mues, Stephan Hundhausen, Gesch\u00e4ftsf\u00fchrer der W. Hundhausen Bauunternehmung GmbH, Architekt Dietmar Winkel und Bauherr Frank H\u00fcttemann, Inhaber von PSV, zu den Schaufeln. Damit startete jetzt offiziell das beeindruckende Bauvorhaben. F\u00fcr die 45 Mitarbeiter der Siegener Kommunikationsagentur entsteht auf der Martinshardt der neue Schaffensraum f\u00fcr vernetztes und kollaboratives Arbeiten. Schon 2019 soll das Kreativdomizil bezogen werden, das jetzt mit 1.500 Quadratmetern Fl\u00e4che entsteht.<\/p>\n<div id=\"attachment_10221\" style=\"width: 310px\" class=\"wp-caption alignleft\"><a href=\"https:\/\/www.vdsm.net\/wronline\/wp-content\/uploads\/2018\/08\/Pressebild-1-PSV-Neubau.jpg\"><img loading=\"lazy\" decoding=\"async\" aria-describedby=\"caption-attachment-10221\" class=\"size-medium wp-image-10221\" src=\"https:\/\/www.vdsm.net\/wronline\/wp-content\/uploads\/2018\/08\/Pressebild-1-PSV-Neubau-300x200.jpg\" alt=\"\" width=\"300\" height=\"200\" srcset=\"https:\/\/www.vdsm.net\/wronline\/wp-content\/uploads\/2018\/08\/Pressebild-1-PSV-Neubau-300x200.jpg 300w, https:\/\/www.vdsm.net\/wronline\/wp-content\/uploads\/2018\/08\/Pressebild-1-PSV-Neubau-768x512.jpg 768w, https:\/\/www.vdsm.net\/wronline\/wp-content\/uploads\/2018\/08\/Pressebild-1-PSV-Neubau.jpg 777w\" sizes=\"auto, (max-width: 300px) 100vw, 300px\" \/><\/a><p id=\"caption-attachment-10221\" class=\"wp-caption-text\">Das neue Hauptquartier der B2B-Marketingagentur entsteht im Leimbachtal.<\/p><\/div>\n<p>Rund 2,5 Millionen Euro investiert das mittelst\u00e4ndische Unternehmen in den neuen Meilenstein, der mit seinem futuristischen Design deutlich Zeichen setzt, wohin die Reise geht: konsequent nach vorne und dabei den Fortschritt in der Region mit anschieben. Das betonte Agenturchef Frank H\u00fcttemann beim Spatenstich: \u201eKlassische Werbedienstleistungen wie vor zwei Jahrzehnten sind \u00fcberholt. Wir sind heute strategische Berater f\u00fcr Markenf\u00fchrung im digitalen Zeitalter. Und diesen Weg sind wir gemeinsam mit unseren Kunden in den vergangenen Jahren konsequent gegangen. Das ist ein kontinuierlicher Prozess, unsere eigene Transformation, wenn man so will. Und jetzt brauchen wir als Partner f\u00fcr unsere Kunden und als Team noch mehr Entfaltungsraum f\u00fcr unsere St\u00e4rken und die M\u00f6glichkeit, noch agiler an die Arbeit zu gehen.\u201c<\/p>\n<p>Auch B\u00fcrgermeister Steffen Mues freut sich \u00fcber das Bauprojekt: \u201eWir verf\u00fcgen mit PSV \u00fcber ein starkes und regional sehr engagiertes Unternehmen, das ortsnah Arbeitspl\u00e4tze bietet und auf Wachstumskurs ist. Davon bin ich \u00fcberzeugt und davon profitieren die Menschen hier in Siegen. Und nicht zuletzt zeugt dieses Projekt auch von der Attraktivit\u00e4t des Industrie- und Gewerbeparks Oberes Leimbachtal \/ Martinshardt.\u201c<\/p>\n<p>Den Vorw\u00e4rtsdrang von PSV hat Architekt Dietmar Winkel mit markanten Konturen auf das neue Firmengeb\u00e4ude \u00fcbertragen. Das Prinzip von PSV, nach vorne zu denken und Impulse f\u00fcr den Fortschritt zu geben, wirkt so auch \u00fcber die Architektur. Damit werden auf der Martinshardt, wo sich schon einige junge Unternehmen aus verschiedenen Branchen angesiedelt haben, neue Akzente gesetzt. Im n\u00e4chsten Jahr startet dann die B2B-Marketingagentur PSV am neuen Standort durch, um mit der eigenen Transformation neue Wege f\u00fcr den digitalen Wandel im Mittelstand aufzuzeigen.<\/p>\n","protected":false},"excerpt":{"rendered":"<p>Gemeinsam Hand anlegen war heute im Leimbachtal angesagt. Zusammen griffen am Morgen der Siegener B\u00fcrgermeister Steffen Mues, Stephan Hundhausen, Gesch\u00e4ftsf\u00fchrer der W. Hundhausen Bauunternehmung GmbH,&#8230;<\/p>\n","protected":false},"author":2,"featured_media":10633,"comment_status":"open","ping_status":"open","sticky":false,"template":"","format":"standard","meta":{"_jetpack_memberships_contains_paid_content":false,"footnotes":""},"categories":[10],"tags":[],"class_list":["post-10632","post","type-post","status-publish","format-standard","has-post-thumbnail","hentry","category-unternehmen"],"jetpack_featured_media_url":"https:\/\/www.vdsm.net\/wronline\/wp-content\/uploads\/2018\/09\/Pressebild-1-PSV-Neubau-web.jpg","jetpack_sharing_enabled":true,"_links":{"self":[{"href":"https:\/\/www.vdsm.net\/wronline\/wp-json\/wp\/v2\/posts\/10632","targetHints":{"allow":["GET"]}}],"collection":[{"href":"https:\/\/www.vdsm.net\/wronline\/wp-json\/wp\/v2\/posts"}],"about":[{"href":"https:\/\/www.vdsm.net\/wronline\/wp-json\/wp\/v2\/types\/post"}],"author":[{"embeddable":true,"href":"https:\/\/www.vdsm.net\/wronline\/wp-json\/wp\/v2\/users\/2"}],"replies":[{"embeddable":true,"href":"https:\/\/www.vdsm.net\/wronline\/wp-json\/wp\/v2\/comments?post=10632"}],"version-history":[{"count":1,"href":"https:\/\/www.vdsm.net\/wronline\/wp-json\/wp\/v2\/posts\/10632\/revisions"}],"predecessor-version":[{"id":10634,"href":"https:\/\/www.vdsm.net\/wronline\/wp-json\/wp\/v2\/posts\/10632\/revisions\/10634"}],"wp:featuredmedia":[{"embeddable":true,"href":"https:\/\/www.vdsm.net\/wronline\/wp-json\/wp\/v2\/media\/10633"}],"wp:attachment":[{"href":"https:\/\/www.vdsm.net\/wronline\/wp-json\/wp\/v2\/media?parent=10632"}],"wp:term":[{"taxonomy":"category","embeddable":true,"href":"https:\/\/www.vdsm.net\/wronline\/wp-json\/wp\/v2\/categories?post=10632"},{"taxonomy":"post_tag","embeddable":true,"href":"https:\/\/www.vdsm.net\/wronline\/wp-json\/wp\/v2\/tags?post=10632"}],"curies":[{"name":"wp","href":"https:\/\/api.w.org\/{rel}","templated":true}]}}