{"id":10591,"date":"2018-09-03T09:15:31","date_gmt":"2018-09-03T07:15:31","guid":{"rendered":"https:\/\/www.vdsm.net\/wronline\/?p=10591"},"modified":"2018-08-31T09:44:48","modified_gmt":"2018-08-31T07:44:48","slug":"geaenderte-servicezeiten-der-arbeitsagentur-in-siegen","status":"publish","type":"post","link":"https:\/\/www.vdsm.net\/wronline\/geaenderte-servicezeiten-der-arbeitsagentur-in-siegen\/","title":{"rendered":"Ge\u00e4nderte Servicezeiten der Arbeitsagentur in Siegen"},"content":{"rendered":"<p>Die Agentur f\u00fcr Arbeit Siegen \u00e4ndert ab dem 10.09.2018 an dem Standort in der Emilienstra\u00dfe 45, 57072 Siegen, ihre Servicezeiten f\u00fcr pers\u00f6nliche Vorsprachen ohne Termin.<\/p>\n<p>Die Eingangszone der Hauptagentur bleibt dienstags ab 12:30 Uhr geschlossen. Der Telefonservice steht weiterhin t\u00e4glich von 08:00 bis 18:00 Uhr unter folgender Nummer 0800 45555-00 kostenfrei zur Verf\u00fcgung.<\/p>\n<p><strong>Ge\u00e4nderte Servicezeiten im \u00dcberblick:<br \/>\n<\/strong>Montag 07:30 &#8211; 15:30 Uhr<br \/>\nDienstag; Mittwoch 07:30 &#8211; 12:30 Uhr<br \/>\nMittwoch 07:30 &#8211; 12:30 Uhr<br \/>\nDonnerstag 07:30-12:30 Uhr; 14:00 \u2013 18:00 Uhr<br \/>\nFreitag 07:30-12:30 Uhr<\/p>\n<p>Unterminierte Vorsprachen sind donnerstags ab 15:30 Uhr f\u00fcr Berufst\u00e4tige vorgesehen.<\/p>\n<p>&nbsp;<\/p>\n","protected":false},"excerpt":{"rendered":"<p>Die Agentur f\u00fcr Arbeit Siegen \u00e4ndert ab dem 10.09.2018 an dem Standort in der Emilienstra\u00dfe 45, 57072 Siegen, ihre Servicezeiten f\u00fcr pers\u00f6nliche Vorsprachen ohne Termin&#8230;.<\/p>\n","protected":false},"author":6,"featured_media":2674,"comment_status":"open","ping_status":"open","sticky":false,"template":"","format":"standard","meta":{"_jetpack_memberships_contains_paid_content":false,"footnotes":""},"categories":[16,32],"tags":[],"class_list":["post-10591","post","type-post","status-publish","format-standard","has-post-thumbnail","hentry","category-arbeitsmarkt","category-infos"],"jetpack_featured_media_url":"https:\/\/www.vdsm.net\/wronline\/wp-content\/uploads\/2015\/08\/wronline-header-arbeitsmarkt.jpg","jetpack_sharing_enabled":true,"_links":{"self":[{"href":"https:\/\/www.vdsm.net\/wronline\/wp-json\/wp\/v2\/posts\/10591","targetHints":{"allow":["GET"]}}],"collection":[{"href":"https:\/\/www.vdsm.net\/wronline\/wp-json\/wp\/v2\/posts"}],"about":[{"href":"https:\/\/www.vdsm.net\/wronline\/wp-json\/wp\/v2\/types\/post"}],"author":[{"embeddable":true,"href":"https:\/\/www.vdsm.net\/wronline\/wp-json\/wp\/v2\/users\/6"}],"replies":[{"embeddable":true,"href":"https:\/\/www.vdsm.net\/wronline\/wp-json\/wp\/v2\/comments?post=10591"}],"version-history":[{"count":3,"href":"https:\/\/www.vdsm.net\/wronline\/wp-json\/wp\/v2\/posts\/10591\/revisions"}],"predecessor-version":[{"id":10613,"href":"https:\/\/www.vdsm.net\/wronline\/wp-json\/wp\/v2\/posts\/10591\/revisions\/10613"}],"wp:featuredmedia":[{"embeddable":true,"href":"https:\/\/www.vdsm.net\/wronline\/wp-json\/wp\/v2\/media\/2674"}],"wp:attachment":[{"href":"https:\/\/www.vdsm.net\/wronline\/wp-json\/wp\/v2\/media?parent=10591"}],"wp:term":[{"taxonomy":"category","embeddable":true,"href":"https:\/\/www.vdsm.net\/wronline\/wp-json\/wp\/v2\/categories?post=10591"},{"taxonomy":"post_tag","embeddable":true,"href":"https:\/\/www.vdsm.net\/wronline\/wp-json\/wp\/v2\/tags?post=10591"}],"curies":[{"name":"wp","href":"https:\/\/api.w.org\/{rel}","templated":true}]}}