{"id":10546,"date":"2018-08-30T10:14:13","date_gmt":"2018-08-30T08:14:13","guid":{"rendered":"https:\/\/www.vdsm.net\/wronline\/?p=10546"},"modified":"2018-08-30T10:14:13","modified_gmt":"2018-08-30T08:14:13","slug":"wenig-veraenderung-auf-dem-arbeitsmarkt-im-sommer-2","status":"publish","type":"post","link":"https:\/\/www.vdsm.net\/wronline\/wenig-veraenderung-auf-dem-arbeitsmarkt-im-sommer-2\/","title":{"rendered":"Wenig Ver\u00e4nderung auf dem Arbeitsmarkt im Sommer"},"content":{"rendered":"<p>\u201eDie Zahl der Arbeitslosen ist in diesem Monat, wie jahreszeitlich erwartet, leicht gestiegen. Im Vergleich zum Vorjahr sind jedoch 1.460 Personen weniger ohne Besch\u00e4ftigung und das unterstreicht weiterhin deutlich die positiven Entwicklungen in unserer Region\u201c, beschreibt Agenturchef Frank Schmidt den aktuellen Trend auf dem Arbeitsmarkt in den Kreisen Siegen-Wittgenstein und Olpe.<\/p>\n<p>Die Personengruppe der Frauen weist in diesem Monat den gr\u00f6\u00dften Anstieg in der Arbeitslosigkeit im Agenturbezirk Siegen aus. Im August waren 103 Frauen mehr arbeitslos gemeldet, als im Vormonat. \u201eAuch das ist eine saisontypische Entwicklung. Viele Frauen sind in Lehr- und Erziehungsberufen t\u00e4tig und daher von der Ferienzeit und damit verbundenen Befristungen abh\u00e4ngig. Ab September rechnen wir wieder mit einem R\u00fcckgang der gesamten Arbeitslosigkeit\u201c, so Schmidt. Ein Indiz f\u00fcr die Prognose ist der zeitnahe R\u00fcckgang der Jugendarbeitslosigkeit. In diesem Monat sind bereits 49 junge Frauen und M\u00e4nner unter 25 Jahren weniger arbeitslos als im Vormonat. \u201eDie Unternehmen stellen schon vor Ende der Ferienzeit wieder ein, das ist ein sehr gutes Zeichen\u201c, stellt der Arbeitsmarktexperte fest.<\/p>\n<p>Die Arbeitslosenquote ist im August auf 4,2 Prozent gestiegen. Vor einem Jahr im August betrug sie noch 4,9 Prozent. Damals waren 1.460 Menschen mehr arbeitslos. Die Arbeitslosigkeit im Zust\u00e4ndigkeitsbereich der beiden Jobcenter Kreis Siegen-Wittgenstein und Kreis Olpe (SGB II) ist in diesem Monat ebenfalls leicht gestiegen. Mit 6.169 M\u00e4nnern und Frauen waren die Jobcenter f\u00fcr 124 Arbeitslose mehr zust\u00e4ndig als im Juli. Im August 2017 waren noch 914 Personen mehr im Rechtskreis des SGB II arbeitslos. Im Rechtskreis der Agentur f\u00fcr Arbeit (SGB III) ist die Zahl arbeitsloser Menschen im Vergleich zum Vormonat um 14 auf 3.755 Personen gesunken. Die Arbeitslosenquote liegt weiterhin unver\u00e4ndert bei 1,6 Prozent. Der Stellenzugang ist in diesem Monat mit 1.176 etwas geringer ausgefallen als im Vormonat. Der Bestand an unbesetzten Stellen ist jedoch weiterhin um 189 Stellen gestiegen und liegt jetzt bei 4.718 Stellen. Zum Vergleich: Im August 2017 waren 3.835 Stellen unbesetzt.<\/p>\n<p>Im August waren in Siegen-Wittgenstein 7.174 Menschen ohne Arbeit. Das sind 132 Menschen mehr als im Juli, aber 904 weniger als im August 2017. Die Arbeitslosenquote ist im Vergleich zum Vormonat um 0,1 Prozentpunkte gestiegen und liegt mit 4,6 Prozent 0,6 Prozentpunkte unter dem August des Vorjahres. Von den Arbeitslosen sind 4.648 Personen Kunden des Jobcenters Kreis Siegen-Wittgenstein. Das sind 116 Personen mehr als im Juli.<\/p>\n<p>Die Zahl der Arbeitslosen ist im Kreis Olpe im August um 22 Personen auf 2.750 Menschen gesunken. Die Arbeitslosenquote liegt bei 3,4 Prozent und ist im Vergleich zum Vormonat um 0,1 Prozentpunkte gesunken. Im August 2017 lag die Quote noch bei 4,2 Prozent. Das Jobcenter Kreis Olpe betreute im August 1.521 Arbeitslose. Das sind 8 Personen mehr als im Juli, aber 288 Menschen weniger als im August 2017. Im Rechtskreis der Agentur f\u00fcr Arbeit (SGB III) ist die Zahl arbeitsloser Menschen im Vergleich zum Vormonat um 30 auf 1.229 Personen gesunken. Die Arbeitslosenquote in diesem Rechtskreis ist um 0,1 Prozentpunkte auf 1,5 Prozent gesunken.<\/p>\n","protected":false},"excerpt":{"rendered":"<p>\u201eDie Zahl der Arbeitslosen ist in diesem Monat, wie jahreszeitlich erwartet, leicht gestiegen. Im Vergleich zum Vorjahr sind jedoch 1.460 Personen weniger ohne Besch\u00e4ftigung und&#8230;<\/p>\n","protected":false},"author":2,"featured_media":6280,"comment_status":"open","ping_status":"open","sticky":false,"template":"","format":"standard","meta":{"_jetpack_memberships_contains_paid_content":false,"footnotes":""},"categories":[16,32,30],"tags":[],"class_list":["post-10546","post","type-post","status-publish","format-standard","has-post-thumbnail","hentry","category-arbeitsmarkt","category-infos","category-vermischtes"],"jetpack_featured_media_url":"https:\/\/www.vdsm.net\/wronline\/wp-content\/uploads\/2017\/04\/Schmidt_Frank_4.jpg","jetpack_sharing_enabled":true,"_links":{"self":[{"href":"https:\/\/www.vdsm.net\/wronline\/wp-json\/wp\/v2\/posts\/10546","targetHints":{"allow":["GET"]}}],"collection":[{"href":"https:\/\/www.vdsm.net\/wronline\/wp-json\/wp\/v2\/posts"}],"about":[{"href":"https:\/\/www.vdsm.net\/wronline\/wp-json\/wp\/v2\/types\/post"}],"author":[{"embeddable":true,"href":"https:\/\/www.vdsm.net\/wronline\/wp-json\/wp\/v2\/users\/2"}],"replies":[{"embeddable":true,"href":"https:\/\/www.vdsm.net\/wronline\/wp-json\/wp\/v2\/comments?post=10546"}],"version-history":[{"count":1,"href":"https:\/\/www.vdsm.net\/wronline\/wp-json\/wp\/v2\/posts\/10546\/revisions"}],"predecessor-version":[{"id":10547,"href":"https:\/\/www.vdsm.net\/wronline\/wp-json\/wp\/v2\/posts\/10546\/revisions\/10547"}],"wp:featuredmedia":[{"embeddable":true,"href":"https:\/\/www.vdsm.net\/wronline\/wp-json\/wp\/v2\/media\/6280"}],"wp:attachment":[{"href":"https:\/\/www.vdsm.net\/wronline\/wp-json\/wp\/v2\/media?parent=10546"}],"wp:term":[{"taxonomy":"category","embeddable":true,"href":"https:\/\/www.vdsm.net\/wronline\/wp-json\/wp\/v2\/categories?post=10546"},{"taxonomy":"post_tag","embeddable":true,"href":"https:\/\/www.vdsm.net\/wronline\/wp-json\/wp\/v2\/tags?post=10546"}],"curies":[{"name":"wp","href":"https:\/\/api.w.org\/{rel}","templated":true}]}}