{"id":10514,"date":"2018-08-29T11:27:10","date_gmt":"2018-08-29T09:27:10","guid":{"rendered":"https:\/\/www.vdsm.net\/wronline\/?p=10514"},"modified":"2018-08-29T11:27:10","modified_gmt":"2018-08-29T09:27:10","slug":"sechs-neue-auszubildende-an-der-uni-2","status":"publish","type":"post","link":"https:\/\/www.vdsm.net\/wronline\/sechs-neue-auszubildende-an-der-uni-2\/","title":{"rendered":"Sechs neue Auszubildende an der Uni"},"content":{"rendered":"<p align=\"justify\">Wenn im Oktober traditionell das Wintersemester startet, wird es voll an der Universit\u00e4t Siegen. Doch schon jetzt begr\u00fc\u00dft die Hochschule sechs neue Mitarbeiterinnen und Mitarbeiter. Die Auszubildenden hatten am 24. August ihren ersten Arbeitstag. F\u00fcnf Frauen und ein Mann absolvieren ihre Ausbildung in vier verschiedenen Berufen. Diese sind: IndustriemechanikerIn, Fachangestellte f\u00fcr Medien- und Informationsdienste, Fachinformatikerin sowie Kauffrau f\u00fcr B\u00fcromanagement.<\/p>\n<p align=\"justify\">\u201eF\u00fcr die Auszubildenden beginnt ein neuer Lebensabschnitt. Wir werden sie in diesem unterst\u00fctzen und ihnen einen tollen Start in ihr neues Berufsleben erm\u00f6glichen\u201c, sagte Benjamin Schwarzer, Leiter des Personaldezernats, bei der Begr\u00fc\u00dfung. Auch Ausbildungsleiterin Rita Wagener-Rasch w\u00fcnschte den neuen Azubis einen guten Start.<\/p>\n<p align=\"justify\">Neben Schwarzer, Wagener-Rasch und ihrer Kollegin Linda Reis stellten sich auch VertreterInnen aus dem Personalrat als AnsprechpartnerInnen vor und hie\u00dfen die Nachwuchskr\u00e4fte willkommen. Nach der Begr\u00fc\u00dfung lernten die Auszubildenden den Campus der Universit\u00e4t Siegen bei einer F\u00fchrung kennen und kehrten sp\u00e4ter zu ihren AusbilderInnen zur\u00fcck, um in ihren Arbeitsalltag zu starten.<\/p>\n<p align=\"justify\"><strong>An der Uni Siegen werden ausgebildet:<\/strong><br \/>\nLuc-Paul Berners (Industriemechaniker)<br \/>\nVerena Wolf (Industriemechanikerin)<br \/>\nDenise Diehl (Fachangestellte f\u00fcr Medien- und Informationsdienste)<br \/>\nLuisa Rickers (Fachinformatikerin)<br \/>\nDiana Sawtschenko (Kauffrau f\u00fcr B\u00fcromanagement)<br \/>\nSina-Marie Klankers (Kauffrau f\u00fcr B\u00fcromanagement)<\/p>\n","protected":false},"excerpt":{"rendered":"<p>Wenn im Oktober traditionell das Wintersemester startet, wird es voll an der Universit\u00e4t Siegen. Doch schon jetzt begr\u00fc\u00dft die Hochschule sechs neue Mitarbeiterinnen und Mitarbeiter&#8230;.<\/p>\n","protected":false},"author":2,"featured_media":10515,"comment_status":"open","ping_status":"open","sticky":false,"template":"","format":"standard","meta":{"_jetpack_memberships_contains_paid_content":false,"footnotes":""},"categories":[8,32,30],"tags":[],"class_list":["post-10514","post","type-post","status-publish","format-standard","has-post-thumbnail","hentry","category-ausbildung","category-infos","category-vermischtes"],"jetpack_featured_media_url":"https:\/\/www.vdsm.net\/wronline\/wp-content\/uploads\/2018\/08\/azubis_uni18.jpg","jetpack_sharing_enabled":true,"_links":{"self":[{"href":"https:\/\/www.vdsm.net\/wronline\/wp-json\/wp\/v2\/posts\/10514","targetHints":{"allow":["GET"]}}],"collection":[{"href":"https:\/\/www.vdsm.net\/wronline\/wp-json\/wp\/v2\/posts"}],"about":[{"href":"https:\/\/www.vdsm.net\/wronline\/wp-json\/wp\/v2\/types\/post"}],"author":[{"embeddable":true,"href":"https:\/\/www.vdsm.net\/wronline\/wp-json\/wp\/v2\/users\/2"}],"replies":[{"embeddable":true,"href":"https:\/\/www.vdsm.net\/wronline\/wp-json\/wp\/v2\/comments?post=10514"}],"version-history":[{"count":1,"href":"https:\/\/www.vdsm.net\/wronline\/wp-json\/wp\/v2\/posts\/10514\/revisions"}],"predecessor-version":[{"id":10516,"href":"https:\/\/www.vdsm.net\/wronline\/wp-json\/wp\/v2\/posts\/10514\/revisions\/10516"}],"wp:featuredmedia":[{"embeddable":true,"href":"https:\/\/www.vdsm.net\/wronline\/wp-json\/wp\/v2\/media\/10515"}],"wp:attachment":[{"href":"https:\/\/www.vdsm.net\/wronline\/wp-json\/wp\/v2\/media?parent=10514"}],"wp:term":[{"taxonomy":"category","embeddable":true,"href":"https:\/\/www.vdsm.net\/wronline\/wp-json\/wp\/v2\/categories?post=10514"},{"taxonomy":"post_tag","embeddable":true,"href":"https:\/\/www.vdsm.net\/wronline\/wp-json\/wp\/v2\/tags?post=10514"}],"curies":[{"name":"wp","href":"https:\/\/api.w.org\/{rel}","templated":true}]}}