{"id":10479,"date":"2018-08-27T14:12:38","date_gmt":"2018-08-27T12:12:38","guid":{"rendered":"https:\/\/www.vdsm.net\/wronline\/?p=10479"},"modified":"2018-08-27T14:12:38","modified_gmt":"2018-08-27T12:12:38","slug":"normalarbeitsverhaeltnisse-liegen-im-trend","status":"publish","type":"post","link":"https:\/\/www.vdsm.net\/wronline\/normalarbeitsverhaeltnisse-liegen-im-trend\/","title":{"rendered":"Normalarbeitsverh\u00e4ltnisse liegen im Trend"},"content":{"rendered":"<p>Trotz Trump und Brexit: Der deutsche Arbeitsmarkt boomt \u2013 vor allem die sogenannten Normalarbeitsverh\u00e4ltnisse legen weiter zu. Gleichzeitig sinkt die Zahl der befristet Besch\u00e4ftigten, wie neue Befragungsdaten des Statistischen Bundesamts belegen. Der wirtschaftliche Erfolg kommt also bei den Arbeitnehmern an.<\/p>\n<p>Die Zahl der unbefristet Besch\u00e4ftigten mit einer Arbeitszeit von mindestens 20 Wochenstunden hat sich im Jahr 2017 um 116.000 gegen\u00fcber dem Vorjahr erh\u00f6ht. Demgegen\u00fcber blieb die Zahl der Teilzeitbesch\u00e4ftigten mit weniger als 20 Wochenstunden und der geringf\u00fcgig Besch\u00e4ftigten konstant. Deutlich r\u00fcckl\u00e4ufig war die befristete Besch\u00e4ftigung \u2013 sie sank um 105.000.<\/p>\n<p>Eine Steigerung zeigte sich allerdings auch bei den atypischen Besch\u00e4ftigungsverh\u00e4ltnissen, die um 63.000 zunahmen. Doch hier w\u00e4re Emp\u00f6rung fehl am Platz: Die Zunahme geht nahezu ausschlie\u00dflich darauf zur\u00fcck, dass es mehr gemeldete Zeitarbeitnehmer gab. Das wiederum d\u00fcrfte aber vor allem methodische Gr\u00fcnde haben. Denn im Jahr 2017 wurde die Erfassung der Zeitarbeit von einer freiwilligen Angabe zu einer Auskunftspflicht ge\u00e4ndert.<\/p>\n<p>Betrachtet man die Entwicklungen auf dem Arbeitsmarkt langfristig, zeigt sich derweil ein eindeutiger Trend: Seit 2005 \u2013 also seit dem Wirksamwerden der Agenda-Reformen \u2013 ist der Anteil der Bev\u00f6lkerung im Erwerbsalter, der in einem Normalarbeitsverh\u00e4ltnis besch\u00e4ftigt ist, von 40,2 auf 47,9 Prozent gestiegen. Der Anteil der atypischen Besch\u00e4ftigung nahm nur um zwei Prozentpunkte zu. Stark r\u00fcckl\u00e4ufig ist seither vor allem der Anteil der inaktiven Bev\u00f6lkerung, das hei\u00dft Erwerbslose, Hausfrauen und -m\u00e4nner oder Fr\u00fchrentner. Deren Anteil ging von 33,7 auf 22,6 Prozent zur\u00fcck.<\/p>\n<p class=\"HeroPerson_title\">Eine Analyse von Holger Sch\u00e4fer, Senior Economist f\u00fcr Besch\u00e4ftigung und Arbeitslosigkeit beim Institut der deutschen Wirtschaft (IW) in K\u00f6ln.<\/p>\n","protected":false},"excerpt":{"rendered":"<p>Trotz Trump und Brexit: Der deutsche Arbeitsmarkt boomt \u2013 vor allem die sogenannten Normalarbeitsverh\u00e4ltnisse legen weiter zu. Gleichzeitig sinkt die Zahl der befristet Besch\u00e4ftigten, wie&#8230;<\/p>\n","protected":false},"author":2,"featured_media":9950,"comment_status":"open","ping_status":"open","sticky":false,"template":"","format":"standard","meta":{"_jetpack_memberships_contains_paid_content":false,"footnotes":""},"categories":[16,32,11],"tags":[],"class_list":["post-10479","post","type-post","status-publish","format-standard","has-post-thumbnail","hentry","category-arbeitsmarkt","category-infos","category-regionale-wirtschaft"],"jetpack_featured_media_url":"https:\/\/www.vdsm.net\/wronline\/wp-content\/uploads\/2018\/07\/worker-cnc.jpg","jetpack_sharing_enabled":true,"_links":{"self":[{"href":"https:\/\/www.vdsm.net\/wronline\/wp-json\/wp\/v2\/posts\/10479","targetHints":{"allow":["GET"]}}],"collection":[{"href":"https:\/\/www.vdsm.net\/wronline\/wp-json\/wp\/v2\/posts"}],"about":[{"href":"https:\/\/www.vdsm.net\/wronline\/wp-json\/wp\/v2\/types\/post"}],"author":[{"embeddable":true,"href":"https:\/\/www.vdsm.net\/wronline\/wp-json\/wp\/v2\/users\/2"}],"replies":[{"embeddable":true,"href":"https:\/\/www.vdsm.net\/wronline\/wp-json\/wp\/v2\/comments?post=10479"}],"version-history":[{"count":1,"href":"https:\/\/www.vdsm.net\/wronline\/wp-json\/wp\/v2\/posts\/10479\/revisions"}],"predecessor-version":[{"id":10481,"href":"https:\/\/www.vdsm.net\/wronline\/wp-json\/wp\/v2\/posts\/10479\/revisions\/10481"}],"wp:featuredmedia":[{"embeddable":true,"href":"https:\/\/www.vdsm.net\/wronline\/wp-json\/wp\/v2\/media\/9950"}],"wp:attachment":[{"href":"https:\/\/www.vdsm.net\/wronline\/wp-json\/wp\/v2\/media?parent=10479"}],"wp:term":[{"taxonomy":"category","embeddable":true,"href":"https:\/\/www.vdsm.net\/wronline\/wp-json\/wp\/v2\/categories?post=10479"},{"taxonomy":"post_tag","embeddable":true,"href":"https:\/\/www.vdsm.net\/wronline\/wp-json\/wp\/v2\/tags?post=10479"}],"curies":[{"name":"wp","href":"https:\/\/api.w.org\/{rel}","templated":true}]}}