{"id":10413,"date":"2018-08-23T11:17:11","date_gmt":"2018-08-23T09:17:11","guid":{"rendered":"https:\/\/www.vdsm.net\/wronline\/?p=10413"},"modified":"2018-08-23T11:17:11","modified_gmt":"2018-08-23T09:17:11","slug":"arbeitsmarktgespraech-mit-dr-heider","status":"publish","type":"post","link":"https:\/\/www.vdsm.net\/wronline\/arbeitsmarktgespraech-mit-dr-heider\/","title":{"rendered":"Arbeitsmarktgespr\u00e4ch mit Dr. Heider"},"content":{"rendered":"<p>Wie entwickeln sich der Arbeits- und der Ausbildungsmarkt im Kreis Olpe? Welche Fachkr\u00e4fte werden gebraucht? Wie kann die Region dem Fachkr\u00e4ftemangel entgegenwirken? Diese Fragen diskutierte Frank Schmidt, Vorsitzender der Gesch\u00e4ftsf\u00fchrung der Agentur f\u00fcr Arbeit Siegen, mit dem CDU-Bundestagsabgeordneten Dr. Matthias Heider.<\/p>\n<p>\u201eMit einer Arbeitslosenquote von 3,5 Prozent gibt es im Kreis Olpe fast Vollbesch\u00e4ftigung\u201c, erl\u00e4utert Frank Schmidt. Gleichzeitig waren im Juli 1.441 freie Stellen bei der Agentur gemeldet. Auch die Herausforderungen des Ausbildungsmarktes besprachen Schmidt und Heider. Im Kreis Olpe kommen aktuell 1,89 freie Ausbildungsstellen auf einen unversorgten Bewerber. \u201eMittelfristig wird der Fachkr\u00e4ftemangel ein echtes Problem f\u00fcr die Region, wenn es nicht gelingt geringqualifizierte Arbeitnehmer und Arbeitslose weiterzubilden und Auszubildende von au\u00dferhalb zu gewinnen\u201c, betont Schmidt. Damit Fachkr\u00e4fte zum Beispiel aus dem Ruhrgebiet in das Sauerland ziehen, ist es wichtig, dass auch das Leben in der Region attraktiv ist. Matthias Heider: \u201eUnsere heimischen Unternehmen tragen erheblich zum Wohlstand des Sauerlandes bei, sei es als Gewerbesteuerzahler oder als Arbeitgeber und Ausbildungsbetriebe. Als Wirtschaftsregion im Gr\u00fcnen haben wir alle Chancen, wir m\u00fcssen sie nur nutzen!<\/p>\n","protected":false},"excerpt":{"rendered":"<p>Wie entwickeln sich der Arbeits- und der Ausbildungsmarkt im Kreis Olpe? Welche Fachkr\u00e4fte werden gebraucht? Wie kann die Region dem Fachkr\u00e4ftemangel entgegenwirken? Diese Fragen diskutierte&#8230;<\/p>\n","protected":false},"author":6,"featured_media":10418,"comment_status":"open","ping_status":"open","sticky":false,"template":"","format":"standard","meta":{"_jetpack_newsletter_access":"","_jetpack_dont_email_post_to_subs":false,"_jetpack_newsletter_tier_id":0,"_jetpack_memberships_contains_paywalled_content":false,"_jetpack_feature_clip_id":0,"_jetpack_memberships_contains_paid_content":false,"footnotes":"","jetpack_post_was_ever_published":false},"categories":[16],"tags":[],"class_list":["post-10413","post","type-post","status-publish","format-standard","has-post-thumbnail","hentry","category-arbeitsmarkt"],"jetpack_sharing_enabled":true,"jetpack_featured_media_url":"https:\/\/www.vdsm.net\/wronline\/wp-content\/uploads\/2018\/08\/Presseinfo_62_2018_Arbeitsmarktgespr\u00e4ch_Heider_MdB_WEB777.jpg","_links":{"self":[{"href":"https:\/\/www.vdsm.net\/wronline\/wp-json\/wp\/v2\/posts\/10413","targetHints":{"allow":["GET"]}}],"collection":[{"href":"https:\/\/www.vdsm.net\/wronline\/wp-json\/wp\/v2\/posts"}],"about":[{"href":"https:\/\/www.vdsm.net\/wronline\/wp-json\/wp\/v2\/types\/post"}],"author":[{"embeddable":true,"href":"https:\/\/www.vdsm.net\/wronline\/wp-json\/wp\/v2\/users\/6"}],"replies":[{"embeddable":true,"href":"https:\/\/www.vdsm.net\/wronline\/wp-json\/wp\/v2\/comments?post=10413"}],"version-history":[{"count":5,"href":"https:\/\/www.vdsm.net\/wronline\/wp-json\/wp\/v2\/posts\/10413\/revisions"}],"predecessor-version":[{"id":10419,"href":"https:\/\/www.vdsm.net\/wronline\/wp-json\/wp\/v2\/posts\/10413\/revisions\/10419"}],"wp:featuredmedia":[{"embeddable":true,"href":"https:\/\/www.vdsm.net\/wronline\/wp-json\/wp\/v2\/media\/10418"}],"wp:attachment":[{"href":"https:\/\/www.vdsm.net\/wronline\/wp-json\/wp\/v2\/media?parent=10413"}],"wp:term":[{"taxonomy":"category","embeddable":true,"href":"https:\/\/www.vdsm.net\/wronline\/wp-json\/wp\/v2\/categories?post=10413"},{"taxonomy":"post_tag","embeddable":true,"href":"https:\/\/www.vdsm.net\/wronline\/wp-json\/wp\/v2\/tags?post=10413"}],"curies":[{"name":"wp","href":"https:\/\/api.w.org\/{rel}","templated":true}]}}