{"id":10400,"date":"2018-08-23T09:00:24","date_gmt":"2018-08-23T07:00:24","guid":{"rendered":"https:\/\/www.vdsm.net\/wronline\/?p=10400"},"modified":"2018-08-23T08:59:37","modified_gmt":"2018-08-23T06:59:37","slug":"mittelstand-4-0-kompetenzzentrum-zieht-eine-positive-erste-bilanz","status":"publish","type":"post","link":"https:\/\/www.vdsm.net\/wronline\/mittelstand-4-0-kompetenzzentrum-zieht-eine-positive-erste-bilanz\/","title":{"rendered":"Mittelstand 4.0-Kompetenzzentrum zieht Bilanz"},"content":{"rendered":"<p>Seit fast einem Jahr gibt es das Mittelstand 4.0-Kompetenzzentrum an der Universit\u00e4t Siegen jetzt schon. In dieser Zeit haben sich mehr als 300 Unternehmen beim Team des Kompetenzzentrums gemeldet, mehr als hundert Unternehmensbesuche haben die Mitarbeiter schon absolviert. \u201eMit einer so gro\u00dfen Nachfrage hatten wir gar nicht gerechnet. Das zeigt, dass f\u00fcr kleine und mittlere Unternehmen in S\u00fcdwestfalen die Digitalisierung ein wichtiges Thema ist\u201c, freut sich Dr. Martin Stein vom Kompetenzzentrum.<\/p>\n<p>Das Zentrum wurde gegr\u00fcndet, um Unternehmen in S\u00fcdwestfalen und dar\u00fcber hinaus bei der Digitalisierung zu unterst\u00fctzen. Daf\u00fcr hat das Kompetenzzentrum zum Beispiel die Workshop-Reihe \u201eDigital Scouts\u201c gestartet. MitarbeiterInnen von kleinen und mittleren Unternehmen werden ein halbes Jahr lang fit f\u00fcr die Digitalisierung gemacht, um sie dann in ihren jeweiligen Firmen ansto\u00dfen zu k\u00f6nnen.<\/p>\n<p>Auch dieses Angebot stie\u00df in der Region auf eine gro\u00dfe Nachfrage: Mehr als 30 Unternehmen meldeten sich f\u00fcr die Workshop-Reihe an. Einmal im Monat treffen sich jetzt Experten aus dem Kompetenzzentrum mit den MitarbeiterInnen der Unternehmen, um mit ihnen die Voraussetzungen f\u00fcr erfolgreiche Digitalisierungsprojekte zu besprechen. Zu Beginn standen etwa Fragen zur Analyse von Prozessen in Unternehmen auf dem Programm. \u201eWir haben den k\u00fcnftigen Digital Scouts erkl\u00e4rt, wie sie solche Prozesse erkennen und auf ihr Digitalisierungspotenzial \u00fcberpr\u00fcfen k\u00f6nnen\u201c, erkl\u00e4rt Jun.-Prof. Dr. Thomas Ludwig vom Kompetenzzentrum. In weiteren Treffen wurde \u00fcber IT-Strategien und \u00fcber M\u00f6glichkeiten gesprochen, alte Maschinen durch die Digitalisierung zu modernisieren.<\/p>\n<p>Mit dabei sind Unternehmen aus den unterschiedlichsten Branchen \u2013 von der metallverarbeitenden Industrie, \u00fcber Automobil-Zulieferer oder Apotheken bis hin zu einem Tischlereibetrieb. Die ersten Digital Scouts sind schon bald fertig ausgebildet, im Herbst soll bereits die zweite Runde starten. Au\u00dferdem wird es die Workshop-Reihe k\u00fcnftig auch im M\u00e4rkischen Kreis geben.<\/p>\n<p>Dar\u00fcber hinaus hat das Kompetenzzentrum bei mehreren Unternehmen Projekte gestartet. Ein Beispiel ist die Firma \u201eCarl Cloos Schwei\u00dftechnik GmbH\u201c in Haiger. Dort ging es darum, eine einheitliche Schnittstelle f\u00fcr Maschinen zu erarbeiten, um Daten zwischen den Maschinen auszutauschen \u2013 und das sowohl f\u00fcr neue Maschinen der Firma Cloos, als auch f\u00fcr Maschinen, die bereits bei Kunden stehen. \u201eOhne die Anregungen des Kompetenzzentrums w\u00e4ren wir nicht so schnell zu einer L\u00f6sung gekommen\u201c, erkl\u00e4rt IT-Leiter Ralf Pfeifer.<\/p>\n<p>Im Sommer hat es in der Gesch\u00e4ftsstelle des Kompetenzzentrums einen Wechsel gegeben. Der bisherige Leiter des Zentrums, Thomas Ludwig, hat zum 1. August einen Ruf auf eine Juniorprofessur f\u00fcr Cyber-Physische Systeme an der Universit\u00e4t Siegen angetreten. Die Leitung des Kompetenzzentrums hat er daher an seinen bisherigen Stellvertreter Dr. Martin Stein abgegeben. \u201eIch werde dem Kompetenzzentrum aber nat\u00fcrlich auch weiterhin beratend zur Seite stehen und gemeinsame Projekte f\u00fcr die Region umsetzen\u201c, sagt Ludwig.<\/p>\n<p>F\u00fcr die Zukunft hat sich das Kompetenzzentrum noch einiges vorgenommen. \u201eWir m\u00f6chten noch mehr Unternehmen bei uns in der Region erreichen, vor allem um die Region als Ganzes st\u00e4rker zu vernetzen und so voranzubringen\u201c, sagt Martin Stein.<\/p>\n<p><strong>Hintergrund:\u00a0<\/strong><br \/>\nDas Mittelstand 4.0-Kompetenzzentrum Siegen geh\u00f6rt zu Mittelstand-Digital (<a href=\"http:\/\/www.mittelstand-digital.de\" target=\"_blank\" rel=\"noopener\">www.mittelstand-digital.de<\/a>). Mit Mittelstand-Digital unterst\u00fctzt das Bundesministerium f\u00fcr Wirtschaft und Energie (BMWi) die Digitalisierung in kleinen und mittleren Unternehmen und informiert \u00fcber m\u00f6gliche Chancen und Herausforderungen. Regionale Kompetenzzentren helfen vor Ort dem kleinen Einzelh\u00e4ndler genauso wie dem gr\u00f6\u00dferen Produktionsbetrieb mit Expertenwissen, Demonstrationszentren, Netzwerken zum Erfahrungsaustausch und praktischen Beispielen. Das BMWi erm\u00f6glicht die kostenlose Nutzung aller Angebote von Mittelstand-Digital.<\/p>\n","protected":false},"excerpt":{"rendered":"<p>Seit fast einem Jahr gibt es das Mittelstand 4.0-Kompetenzzentrum an der Universit\u00e4t Siegen jetzt schon. In dieser Zeit haben sich mehr als 300 Unternehmen beim&#8230;<\/p>\n","protected":false},"author":6,"featured_media":10405,"comment_status":"open","ping_status":"open","sticky":false,"template":"","format":"standard","meta":{"_jetpack_newsletter_access":"","_jetpack_dont_email_post_to_subs":false,"_jetpack_newsletter_tier_id":0,"_jetpack_memberships_contains_paywalled_content":false,"_jetpack_feature_clip_id":0,"_jetpack_memberships_contains_paid_content":false,"footnotes":"","jetpack_post_was_ever_published":false},"categories":[1,30],"tags":[],"class_list":["post-10400","post","type-post","status-publish","format-standard","has-post-thumbnail","hentry","category-aktuell","category-vermischtes"],"jetpack_sharing_enabled":true,"jetpack_featured_media_url":"https:\/\/www.vdsm.net\/wronline\/wp-content\/uploads\/2018\/08\/Foto-Kompetenzzentrum_Internet1.jpg","_links":{"self":[{"href":"https:\/\/www.vdsm.net\/wronline\/wp-json\/wp\/v2\/posts\/10400","targetHints":{"allow":["GET"]}}],"collection":[{"href":"https:\/\/www.vdsm.net\/wronline\/wp-json\/wp\/v2\/posts"}],"about":[{"href":"https:\/\/www.vdsm.net\/wronline\/wp-json\/wp\/v2\/types\/post"}],"author":[{"embeddable":true,"href":"https:\/\/www.vdsm.net\/wronline\/wp-json\/wp\/v2\/users\/6"}],"replies":[{"embeddable":true,"href":"https:\/\/www.vdsm.net\/wronline\/wp-json\/wp\/v2\/comments?post=10400"}],"version-history":[{"count":6,"href":"https:\/\/www.vdsm.net\/wronline\/wp-json\/wp\/v2\/posts\/10400\/revisions"}],"predecessor-version":[{"id":10412,"href":"https:\/\/www.vdsm.net\/wronline\/wp-json\/wp\/v2\/posts\/10400\/revisions\/10412"}],"wp:featuredmedia":[{"embeddable":true,"href":"https:\/\/www.vdsm.net\/wronline\/wp-json\/wp\/v2\/media\/10405"}],"wp:attachment":[{"href":"https:\/\/www.vdsm.net\/wronline\/wp-json\/wp\/v2\/media?parent=10400"}],"wp:term":[{"taxonomy":"category","embeddable":true,"href":"https:\/\/www.vdsm.net\/wronline\/wp-json\/wp\/v2\/categories?post=10400"},{"taxonomy":"post_tag","embeddable":true,"href":"https:\/\/www.vdsm.net\/wronline\/wp-json\/wp\/v2\/tags?post=10400"}],"curies":[{"name":"wp","href":"https:\/\/api.w.org\/{rel}","templated":true}]}}