{"id":10388,"date":"2018-08-24T08:50:43","date_gmt":"2018-08-24T06:50:43","guid":{"rendered":"https:\/\/www.vdsm.net\/wronline\/?p=10388"},"modified":"2020-09-07T14:32:18","modified_gmt":"2020-09-07T12:32:18","slug":"alleinerziehenden-netzwerk-seit-eineinhalb-jahren-erfolgreich-aktiv","status":"publish","type":"post","link":"https:\/\/www.vdsm.net\/wronline\/alleinerziehenden-netzwerk-seit-eineinhalb-jahren-erfolgreich-aktiv\/","title":{"rendered":"\u201eAlleinerziehenden-Netzwerk\u201c seit eineinhalb Jahren erfolgreich aktiv"},"content":{"rendered":"<p>Im Dezember 2016 fand die Auftaktveranstaltung zur Gr\u00fcndung eines \u201eAlleinerziehenden-Netzwerkes\u201c statt, zu dem die Gleichstellungsbeauftragte des Kreises Siegen-Wittgenstein, Martina B\u00f6ttcher und ihre Kollegin der Stadt Siegen, Martina Kratzel, eingeladen hatten. Von Anfang an stie\u00df das Netzwerk auf gro\u00dfes Interesse und mittlerweile sind 120 alleinerziehende M\u00fctter und V\u00e4ter im Verteiler.<\/p>\n<p>\u201eBesonders freuen wir uns, dass die Alleinerziehenden nicht nur den formellen Einladungen folgen, die wir organisieren. Dar\u00fcber hinaus haben sich engagierte Freiwillige gefunden, die informelle Treffen organisieren. Vom Treffen auf dem Spielplatz f\u00fcr Alleinerziehende mit j\u00fcngeren Kindern, \u00fcber gemeinsames Grillen bis zum Treffen im Biergarten auch mal ohne Kinder, war alles dabei. Das Ziel der Hilfe zur Selbsthilfe hat funktioniert. Und: weitere Interessierte sind herzlich willkommen\u201c, so die beiden Veranstalterinnen.<\/p>\n<p><strong>Die n\u00e4chsten beiden Termine f\u00fcr die Netzwerktreffen stehen auch schon fest:<\/strong><\/p>\n<p>Am Samstag, 17. November 2018, 14:00 bis 17:00 Uhr startet das Treffen mit einem Impulsvortrag \u201eWie kommen Kinder mit heiler Haut durch Trennung und Scheidung?\u201c, Referentin ist Susanne Sch\u00e4fer, Dipl. Sozialp\u00e4dagogin, Psychotherapeutin f\u00fcr Kinder und Jugendliche, Trauma-Beraterin, Erziehungsberatungsstelle des Kreises Siegen-Wittgenstein.<\/p>\n<p>Ein weiteres Netzwerktreffen findet am Samstag, 8. Dezember 2018, von 14:00 bis 17:00 Uhr statt mit dem Impulsvortrag \u201ePr\u00e4ventive Selbstf\u00fcrsorge \u2013 Burn out Prophylaxe f\u00fcr Alleinerziehende. Referentin ist Mag. Phil. Barbara Ladinig, Psycholog. Coach, Achtsamkeitstrainerin aus Siegen.<\/p>\n<p>Beide Veranstaltungen finden im Kulturhaus L\u00ffz, St.-Johann-Str., Siegen, Raum 204 statt und sind f\u00fcr die Teilnehmenden kostenlos. Eine Kinderbetreuung wird jeweils angeboten. Aus organisatorischen Gr\u00fcnden wird um eine verbindliche Anmeldung gebeten, sowohl f\u00fcr die teilnehmenden Alleinerziehenden als auch f\u00fcr die zu betreuenden Kinder.<\/p>\n<p>Neben den Impulsvortr\u00e4gen ist gen\u00fcgend Zeit f\u00fcr Austausch und Gespr\u00e4ch.<\/p>\n<p>Anmeldungen nimmt Martina B\u00f6ttcher unter 0271 333-2212 oder per E-Mail: <a href=\"mailto:m.boettcher@siegen-wittgenstein.de\">m.boettcher@siegen-wittgenstein.de<\/a> entgegen.<\/p>\n","protected":false},"excerpt":{"rendered":"<p>Im Dezember 2016 fand die Auftaktveranstaltung zur Gr\u00fcndung eines \u201eAlleinerziehenden-Netzwerkes\u201c statt, zu dem die Gleichstellungsbeauftragte des Kreises Siegen-Wittgenstein, Martina B\u00f6ttcher und ihre Kollegin der Stadt&#8230;<\/p>\n","protected":false},"author":6,"featured_media":3202,"comment_status":"open","ping_status":"open","sticky":false,"template":"","format":"standard","meta":{"_jetpack_newsletter_access":"","_jetpack_dont_email_post_to_subs":false,"_jetpack_newsletter_tier_id":0,"_jetpack_memberships_contains_paywalled_content":false,"_jetpack_feature_clip_id":0,"_jetpack_memberships_contains_paid_content":false,"footnotes":"","jetpack_post_was_ever_published":false},"categories":[32,30,34],"tags":[],"class_list":["post-10388","post","type-post","status-publish","format-standard","has-post-thumbnail","hentry","category-infos","category-vermischtes","category-termine"],"jetpack_sharing_enabled":true,"jetpack_featured_media_url":"https:\/\/www.vdsm.net\/wronline\/wp-content\/uploads\/2016\/02\/wronline-header.jpg","_links":{"self":[{"href":"https:\/\/www.vdsm.net\/wronline\/wp-json\/wp\/v2\/posts\/10388","targetHints":{"allow":["GET"]}}],"collection":[{"href":"https:\/\/www.vdsm.net\/wronline\/wp-json\/wp\/v2\/posts"}],"about":[{"href":"https:\/\/www.vdsm.net\/wronline\/wp-json\/wp\/v2\/types\/post"}],"author":[{"embeddable":true,"href":"https:\/\/www.vdsm.net\/wronline\/wp-json\/wp\/v2\/users\/6"}],"replies":[{"embeddable":true,"href":"https:\/\/www.vdsm.net\/wronline\/wp-json\/wp\/v2\/comments?post=10388"}],"version-history":[{"count":2,"href":"https:\/\/www.vdsm.net\/wronline\/wp-json\/wp\/v2\/posts\/10388\/revisions"}],"predecessor-version":[{"id":20276,"href":"https:\/\/www.vdsm.net\/wronline\/wp-json\/wp\/v2\/posts\/10388\/revisions\/20276"}],"wp:featuredmedia":[{"embeddable":true,"href":"https:\/\/www.vdsm.net\/wronline\/wp-json\/wp\/v2\/media\/3202"}],"wp:attachment":[{"href":"https:\/\/www.vdsm.net\/wronline\/wp-json\/wp\/v2\/media?parent=10388"}],"wp:term":[{"taxonomy":"category","embeddable":true,"href":"https:\/\/www.vdsm.net\/wronline\/wp-json\/wp\/v2\/categories?post=10388"},{"taxonomy":"post_tag","embeddable":true,"href":"https:\/\/www.vdsm.net\/wronline\/wp-json\/wp\/v2\/tags?post=10388"}],"curies":[{"name":"wp","href":"https:\/\/api.w.org\/{rel}","templated":true}]}}