{"id":10358,"date":"2018-08-22T09:00:23","date_gmt":"2018-08-22T07:00:23","guid":{"rendered":"https:\/\/www.vdsm.net\/wronline\/?p=10358"},"modified":"2018-08-22T11:31:47","modified_gmt":"2018-08-22T09:31:47","slug":"volksbank-in-suedwestfalen-eg-begruesst-zwoelf-neue-auszubildende","status":"publish","type":"post","link":"https:\/\/www.vdsm.net\/wronline\/volksbank-in-suedwestfalen-eg-begruesst-zwoelf-neue-auszubildende\/","title":{"rendered":"Volksbank in S\u00fcdwestfalen eG begr\u00fc\u00dft zw\u00f6lf neue Auszubildende"},"content":{"rendered":"<p>Am 1. August waren sicherlich nicht nur die zw\u00f6lf Auszubildenden aufgeregt, als sie von den Vorstandssprechern Karl-Michael Dommes und Norbert Kaufmann in Siegen begr\u00fc\u00dft wurden. Geh\u00f6ren sie doch zum ersten Ausbildungsjahrgang der neuen Volksbank in S\u00fcdwestfalen eG. Eine echte Premiere eben f\u00fcr beide Seiten.<\/p>\n<p><strong>\u00dcber den D\u00e4chern von Siegen<\/strong><br \/>\nBei bestem Kaiserwetter konnten die Vorstandssprecher Karl-Michael Dommes und Norbert Kaufmann gemeinsam mit dem Bereichsleiter Personal, Dieter Fritz, und Ausbildungsleiterin Anke Bockelmann die zw\u00f6lf neuen Auszubildenden auf der Dachterrasse der Volksbank in Siegen begr\u00fc\u00dfen. Gemeinsam blickten sie nicht nur \u00fcber die D\u00e4cher der Stadt, sondern auch in die eigene Zukunft.<\/p>\n<p>Denn diese habe einiges zu bieten. \u201eWir freuen uns sehr, dass Sie ab dem heutigen Tag ein Teil der Familie der Volksbank sind. Sie starten Ihr Berufsleben in einer sehr spannenden und damit auch \u00e4u\u00dferst interessanten Zeit\u201c, so Vorstandssprecher Dommes. Erst im vergangenen Monat habe man sich zur Volksbank in S\u00fcdwestfalen eG zusammengeschlossen und damit die Weichen f\u00fcr eine erfolgreiche Zukunft der Volksbank gestellt. \u201eF\u00fcr eine Zukunft deren Teil Sie nun sind.\u201c<\/p>\n<p><strong>Digitalisierung ist Herausforderung\u00a0<\/strong><br \/>\nBesonders durch die Digitalisierung sei das Berufsbild der Bankkauffrau und des Bankkaufmanns in einem Umbruch. \u201eWir stehen hier vor ganz neuen Herausforderungen, die wir als Chance gerne annehmen\u201c, erkl\u00e4rte Dommes und erg\u00e4nzte: \u201eGerade hierzu brauchen wir Sie!\u201c Er erinnere sich noch sehr gut an seinen ersten Tag bei der Volksbank. \u201eGenau wie Sie war ich aufgeregt. Gleichzeitig aber auch fasziniert.\u201c Die Begeisterung f\u00fcr den Beruf, den er vom ersten Tag an versp\u00fcrte, erf\u00fclle ihn noch heute. Ein Umstand, den er auch den neuen Auszubildenden w\u00fcnsche. Dommes: \u201eMit dem heutigen Tag stehen Ihnen ganz neue Wege offen. Sie m\u00fcssen sie nur noch ergreifen.\u201c<\/p>\n<p><strong>Auszubildende aus dem gesamten Gesch\u00e4ftsgebiet<\/strong><br \/>\nDie neuen Auszubildenden f\u00fcr die Region M\u00e4rkischer Kreis sind: Dennis Becker (Meinerzhagen), Alessandro Fazio (Plettenberg), Leon Kintat (Neuenrade), Natnael Olbrich (L\u00fcdenscheid), Svenja Reiter (Balve), Daria Suhr (Altena), Pierre Pascal Schnepper (Halver) sowie Gina Maria Schulze (Marienheide). F\u00fcr die Region Siegerland: Tom Balling\u00a0 (Weidenau), Samuel Birkner (Netphen), Alexander H\u00fctte (Siegen), Lynn-Marie Reumerman (Burbach).<\/p>\n<p>&nbsp;<\/p>\n","protected":false},"excerpt":{"rendered":"<p>Am 1. August waren sicherlich nicht nur die zw\u00f6lf Auszubildenden aufgeregt, als sie von den Vorstandssprechern Karl-Michael Dommes und Norbert Kaufmann in Siegen begr\u00fc\u00dft wurden&#8230;.<\/p>\n","protected":false},"author":6,"featured_media":10367,"comment_status":"open","ping_status":"open","sticky":false,"template":"","format":"standard","meta":{"_jetpack_newsletter_access":"","_jetpack_dont_email_post_to_subs":false,"_jetpack_newsletter_tier_id":0,"_jetpack_memberships_contains_paywalled_content":false,"_jetpack_feature_clip_id":0,"_jetpack_memberships_contains_paid_content":false,"footnotes":"","jetpack_post_was_ever_published":false},"categories":[1,8,30],"tags":[],"class_list":["post-10358","post","type-post","status-publish","format-standard","has-post-thumbnail","hentry","category-aktuell","category-ausbildung","category-vermischtes"],"jetpack_sharing_enabled":true,"jetpack_featured_media_url":"https:\/\/www.vdsm.net\/wronline\/wp-content\/uploads\/2018\/08\/VBinSWF_Azubistart_WEB-neu.jpg","_links":{"self":[{"href":"https:\/\/www.vdsm.net\/wronline\/wp-json\/wp\/v2\/posts\/10358","targetHints":{"allow":["GET"]}}],"collection":[{"href":"https:\/\/www.vdsm.net\/wronline\/wp-json\/wp\/v2\/posts"}],"about":[{"href":"https:\/\/www.vdsm.net\/wronline\/wp-json\/wp\/v2\/types\/post"}],"author":[{"embeddable":true,"href":"https:\/\/www.vdsm.net\/wronline\/wp-json\/wp\/v2\/users\/6"}],"replies":[{"embeddable":true,"href":"https:\/\/www.vdsm.net\/wronline\/wp-json\/wp\/v2\/comments?post=10358"}],"version-history":[{"count":3,"href":"https:\/\/www.vdsm.net\/wronline\/wp-json\/wp\/v2\/posts\/10358\/revisions"}],"predecessor-version":[{"id":10385,"href":"https:\/\/www.vdsm.net\/wronline\/wp-json\/wp\/v2\/posts\/10358\/revisions\/10385"}],"wp:featuredmedia":[{"embeddable":true,"href":"https:\/\/www.vdsm.net\/wronline\/wp-json\/wp\/v2\/media\/10367"}],"wp:attachment":[{"href":"https:\/\/www.vdsm.net\/wronline\/wp-json\/wp\/v2\/media?parent=10358"}],"wp:term":[{"taxonomy":"category","embeddable":true,"href":"https:\/\/www.vdsm.net\/wronline\/wp-json\/wp\/v2\/categories?post=10358"},{"taxonomy":"post_tag","embeddable":true,"href":"https:\/\/www.vdsm.net\/wronline\/wp-json\/wp\/v2\/tags?post=10358"}],"curies":[{"name":"wp","href":"https:\/\/api.w.org\/{rel}","templated":true}]}}