{"id":1030,"date":"2012-12-04T15:01:18","date_gmt":"2012-12-04T14:01:18","guid":{"rendered":"http:\/\/www.vdsm.net\/wronline\/?p=1030"},"modified":"2012-12-04T15:01:18","modified_gmt":"2012-12-04T14:01:18","slug":"willi-brase-nach-knapp-24-jahren-verabschiedet","status":"publish","type":"post","link":"https:\/\/www.vdsm.net\/wronline\/willi-brase-nach-knapp-24-jahren-verabschiedet\/","title":{"rendered":"Willi Brase nach knapp 24 Jahren verabschiedet"},"content":{"rendered":"<div id=\"attachment_1031\" style=\"width: 310px\" class=\"wp-caption alignleft\"><a href=\"http:\/\/www.vdsm.net\/wronline\/wp-content\/uploads\/2012\/12\/142-12-Ehrung-MdB-Brase.jpg\"><img loading=\"lazy\" decoding=\"async\" aria-describedby=\"caption-attachment-1031\" class=\"size-medium wp-image-1031\" title=\"Knapp 24 Jahre geh\u00f6rte er dem Berufsbildungsausschuss der IHK Siegen als alternierender Vorsitzender an. Jetzt schied Willi Brase (2.v.li.) aus diesem Gremium aus.\" src=\"http:\/\/www.vdsm.net\/wronline\/wp-content\/uploads\/2012\/12\/142-12-Ehrung-MdB-Brase-300x209.jpg\" alt=\"\" width=\"300\" height=\"209\" srcset=\"https:\/\/www.vdsm.net\/wronline\/wp-content\/uploads\/2012\/12\/142-12-Ehrung-MdB-Brase-300x209.jpg 300w, https:\/\/www.vdsm.net\/wronline\/wp-content\/uploads\/2012\/12\/142-12-Ehrung-MdB-Brase.jpg 600w\" sizes=\"auto, (max-width: 300px) 100vw, 300px\" \/><\/a><p id=\"caption-attachment-1031\" class=\"wp-caption-text\">Knapp 24 Jahre geh\u00f6rte er dem Berufsbildungsausschuss der IHK Siegen als alternierender Vorsitzender an. Jetzt schied Willi Brase (2.v.li.) aus diesem Gremium aus.<\/p><\/div>\n<p>Siegen, 4. Dezember 2012. Knapp 24 Jahre geh\u00f6rte er dem Berufsbildungsausschuss der Industrie- und Handelskammer Siegen (IHK) als alternierender Vorsitzender an. Jetzt schied Willi Brase aus diesem Gremium aus. An rund 80 Sitzungen nahm er in dieser Zeit teil, in denen zahlreiche Rechtsvorschriften beschlossen, vielf\u00e4ltige bildungspolitische Akzente gesetzt und etliche innovative Berufsbildungsvorhaben entwickelt, begleitet und gesteuert wurden. Dass Willi Brase dabei eine zentrale Rolle spielte, machte IHK-Vizepr\u00e4sident Christian F. Kocherscheidt in seiner Laudatio zum Abschied an einigen Beispielen deutlich.<\/p>\n<p>Stets habe sich der scheidende DGB-Vorsitzende f\u00fcr ortsnahe Beschulungsmodelle an den hiesigen Berufskollegs eingesetzt. Das \u201eRegionale Haus der Berufsvorbereitung\u201c sei von ihm von Anbeginn an immer wieder ma\u00dfgeblich unterst\u00fctzt worden. Auch bei der Reform des Berufsbildungsgesetzes, die er als Mitglied der SPD-Bundestagsfraktion in den Jahren 2003 bis 2005 federf\u00fchrend begleitete, habe er immer wieder die R\u00fcckkopplung in die betriebliche Praxis gesucht. Zudem sei Willi Brase schon 1994 ma\u00dfgeblich am regionalen Ausbildungskonsens beteiligt gewesen, also weit vor der Zeit, in der die Idee gemeinschaftlichen Handelns zum Wohle junger Menschen auf Landesebene oder im Ausbildungspakt auf Bundesebene in Angriff genommen worden sei. Christian F. Kocherscheidt: \u201eFast ein Vierteljahrhundert lang haben wir Willi Brase als einen an der Sache orientierten Menschen erlebt, dem die betriebliche Erstausbildung eine Herzensangelegenheit war. Die Zusammenarbeit mit ihm war ausgesprochen effektiv, vertrauensvoll und stets ger\u00e4uschlos. Man konnte sich immer auf das gegebene Wort verlassen.\u201c Kocherscheidt dankte Brase namens des Ausschusses, des Pr\u00e4sidiums, der Gesch\u00e4ftsf\u00fchrung und der Mitarbeiterinnen und Mitarbeiter der IHK Siegen und \u00fcberreichte ihm als Dank einen H\u00fcttenmann.<\/p>\n","protected":false},"excerpt":{"rendered":"<p>Siegen, 4. Dezember 2012. Knapp 24 Jahre geh\u00f6rte er dem Berufsbildungsausschuss der Industrie- und Handelskammer Siegen (IHK) als alternierender Vorsitzender an. Jetzt schied Willi Brase&#8230;<\/p>\n","protected":false},"author":2,"featured_media":1031,"comment_status":"open","ping_status":"open","sticky":false,"template":"","format":"standard","meta":{"_jetpack_memberships_contains_paid_content":false,"footnotes":""},"categories":[1],"tags":[],"class_list":["post-1030","post","type-post","status-publish","format-standard","has-post-thumbnail","hentry","category-aktuell"],"jetpack_featured_media_url":"https:\/\/www.vdsm.net\/wronline\/wp-content\/uploads\/2012\/12\/142-12-Ehrung-MdB-Brase.jpg","jetpack_sharing_enabled":true,"_links":{"self":[{"href":"https:\/\/www.vdsm.net\/wronline\/wp-json\/wp\/v2\/posts\/1030","targetHints":{"allow":["GET"]}}],"collection":[{"href":"https:\/\/www.vdsm.net\/wronline\/wp-json\/wp\/v2\/posts"}],"about":[{"href":"https:\/\/www.vdsm.net\/wronline\/wp-json\/wp\/v2\/types\/post"}],"author":[{"embeddable":true,"href":"https:\/\/www.vdsm.net\/wronline\/wp-json\/wp\/v2\/users\/2"}],"replies":[{"embeddable":true,"href":"https:\/\/www.vdsm.net\/wronline\/wp-json\/wp\/v2\/comments?post=1030"}],"version-history":[{"count":2,"href":"https:\/\/www.vdsm.net\/wronline\/wp-json\/wp\/v2\/posts\/1030\/revisions"}],"predecessor-version":[{"id":1033,"href":"https:\/\/www.vdsm.net\/wronline\/wp-json\/wp\/v2\/posts\/1030\/revisions\/1033"}],"wp:featuredmedia":[{"embeddable":true,"href":"https:\/\/www.vdsm.net\/wronline\/wp-json\/wp\/v2\/media\/1031"}],"wp:attachment":[{"href":"https:\/\/www.vdsm.net\/wronline\/wp-json\/wp\/v2\/media?parent=1030"}],"wp:term":[{"taxonomy":"category","embeddable":true,"href":"https:\/\/www.vdsm.net\/wronline\/wp-json\/wp\/v2\/categories?post=1030"},{"taxonomy":"post_tag","embeddable":true,"href":"https:\/\/www.vdsm.net\/wronline\/wp-json\/wp\/v2\/tags?post=1030"}],"curies":[{"name":"wp","href":"https:\/\/api.w.org\/{rel}","templated":true}]}}