{"id":10296,"date":"2018-08-16T14:49:16","date_gmt":"2018-08-16T12:49:16","guid":{"rendered":"https:\/\/www.vdsm.net\/wronline\/?p=10296"},"modified":"2018-08-16T15:21:16","modified_gmt":"2018-08-16T13:21:16","slug":"campus-modernisierung-es-laeuft-richtig-gut","status":"publish","type":"post","link":"https:\/\/www.vdsm.net\/wronline\/campus-modernisierung-es-laeuft-richtig-gut\/","title":{"rendered":"Campus-Modernisierung: Es l\u00e4uft \u201erichtig gut\u201c"},"content":{"rendered":"<p>Nach gut zehn Monaten Bauzeit auf dem Adolf-Reichwein-Campus ziehen die Verantwortlichen des Bau- und Liegenschaftsbetriebs NRW, der Baufirma Z\u00fcblin und der Universit\u00e4t Siegen ein positives Zwischenfazit.<\/p>\n<p>Seit gut zehn Monaten sind Mensa, Universit\u00e4tsbibliothek und die B\u00fcro- und Seminargeb\u00e4ude \u201eH\u201c und \u201eK\u201c auf dem Adolf-Reichwein-Campus der Uni Siegen fest in der Hand der Bauarbeiter. Bis Ende 2019 soll der Trakt innen wie au\u00dfen komplett erneuert und modernisiert werden. VertreterInnen des Bau- und Liegenschaftsbetriebs (BLB) NRW, der ausf\u00fchrenden Baufirma Z\u00fcblin und des Baudezernats der Universit\u00e4t haben jetzt ein positives Zwischenfazit gezogen. \u201eDie Bauma\u00dfnahme l\u00e4uft richtig gut, die Termine werden eingehalten, die Kosten liegen im Rahmen \u2013 wir sind rundherum zufrieden\u201c, sagte der Baudezernent der Uni Siegen, J\u00f6rg M\u00fcnker.<\/p>\n<div id=\"attachment_10306\" style=\"width: 310px\" class=\"wp-caption alignleft\"><a href=\"https:\/\/www.vdsm.net\/wronline\/wp-content\/uploads\/2018\/08\/DSCF921.jpg\"><img loading=\"lazy\" decoding=\"async\" aria-describedby=\"caption-attachment-10306\" class=\"wp-image-10306 size-medium\" src=\"https:\/\/www.vdsm.net\/wronline\/wp-content\/uploads\/2018\/08\/DSCF921-300x200.jpg\" alt=\"\" width=\"300\" height=\"200\" srcset=\"https:\/\/www.vdsm.net\/wronline\/wp-content\/uploads\/2018\/08\/DSCF921-300x200.jpg 300w, https:\/\/www.vdsm.net\/wronline\/wp-content\/uploads\/2018\/08\/DSCF921-768x512.jpg 768w, https:\/\/www.vdsm.net\/wronline\/wp-content\/uploads\/2018\/08\/DSCF921-1024x682.jpg 1024w\" sizes=\"auto, (max-width: 300px) 100vw, 300px\" \/><\/a><p id=\"caption-attachment-10306\" class=\"wp-caption-text\">Die Teilnehmer des Pressegespr\u00e4chs zur \u201eCampus-Modernisierung\u201c konnten sich beim gemeinsamen Rundgang ein Bild von der Baustelle machen.<\/p><\/div>\n<p>Bei einem gemeinsamen Rundgang \u00fcber die Baustelle wurde deutlich: Es hat sich viel getan, einige wichtige Meilensteine des Projektes konnten in den vergangenen Monaten abgeschlossen werden. So ist der gesamte Sanierungstrakt komplett entkernt. \u201eWir haben s\u00e4mtliche Zwischenw\u00e4nde, Einbauten, Teppichb\u00f6den, Heizk\u00f6rper, L\u00fcftungskan\u00e4le und die gesamte Elektroinstallation ausgebaut\u201c, erkl\u00e4rte Christopher Leyck Dieken, Projektleiter der Firma Z\u00fcblin. Insgesamt seien rund 5.400 Tonnen Bauschutt abtransportiert worden. Auch die Schadstoffsanierung und der Abbruch der Balkone und Fluchttreppen an der Au\u00dfenfassade sind abgeschlossen. Aktuell bekommen die Geb\u00e4ude neue Fenster. Auf einzelnen Etagen l\u00e4uft bereits der Innenausbau.<\/p>\n<p>VertreterInnen von BLB, Universit\u00e4t und Z\u00fcblin arbeiten bei der Ma\u00dfnahme eng zusammen und stimmen sich regelm\u00e4\u00dfig ab. Das funktioniere sehr gut, sagte Merle Tietz, Ableitungsleiterin Planen und Bauen beim BLB. \u201eEine grunds\u00e4tzliche Herausforderung bei einer Sanierung im Bestand ist der Zustand der bestehenden Geb\u00e4udesubstanz. Man findet immer Dinge, mit denen man nicht gerechnet hat.\u201c Beispielsweise stellte sich im Bereich der Mensa eine Zwischendecke als marode heraus und muss nun erneuert werden. Auf unl\u00f6sbare Probleme sei man bisher aber nicht gesto\u00dfen, betonte BLB-Projektleiterin Isabelle Wortmann: \u201eWir haben von vorneherein ausreichend zeitliche Puffer eingebaut, um mit unvorhergesehenen Situationen umzugehen.\u201c<\/p>\n<div id=\"attachment_10308\" style=\"width: 179px\" class=\"wp-caption alignleft\"><a href=\"https:\/\/www.vdsm.net\/wronline\/wp-content\/uploads\/2018\/08\/BAGGER1-1.jpg\"><img loading=\"lazy\" decoding=\"async\" aria-describedby=\"caption-attachment-10308\" class=\"wp-image-10308 size-medium\" src=\"https:\/\/www.vdsm.net\/wronline\/wp-content\/uploads\/2018\/08\/BAGGER1-1-169x300.jpg\" alt=\"\" width=\"169\" height=\"300\" srcset=\"https:\/\/www.vdsm.net\/wronline\/wp-content\/uploads\/2018\/08\/BAGGER1-1-169x300.jpg 169w, https:\/\/www.vdsm.net\/wronline\/wp-content\/uploads\/2018\/08\/BAGGER1-1-768x1365.jpg 768w, https:\/\/www.vdsm.net\/wronline\/wp-content\/uploads\/2018\/08\/BAGGER1-1-576x1024.jpg 576w\" sizes=\"auto, (max-width: 169px) 100vw, 169px\" \/><\/a><p id=\"caption-attachment-10308\" class=\"wp-caption-text\">Bis Ende 2019 soll der Trakt innen wie au\u00dfen komplett erneuert und modernisiert werden.<\/p><\/div>\n<p>Spannend geht es auf der Baustelle auch in den kommenden Monaten bis zum Winter weiter. An den Au\u00dfenfassaden des H- und K-Geb\u00e4udes werden zun\u00e4chst die Unterkonstruktionen und anschlie\u00dfend die Elemente der neuen Blechfassade montiert. Damit wird sich das \u00e4u\u00dfere Erscheinungsbild der weithin sichtbaren B\u00fcrot\u00fcrme deutlich \u00e4ndern: weg vom charakteristischen Blauton, hin zu einer wei\u00dfen Fassade mit anthrazit abgesetzten Fensterb\u00e4ndern. Anschlie\u00dfend werden auch die beiden gro\u00dfen, alles \u00fcberragenden Baustellen-Krane wieder verschwinden.<\/p>\n<p>Im Innern der Sanierungsgeb\u00e4ude wird unterdessen mehr und mehr sichtbar, was Studierende und MitarbeiterInnen nach dem Umbau erwartet. In der Bibliothek erstrahlen Teile der Betondecke bereits in einem frischen \u201eLichtgrau\u201c. Die UB werde nach der Sanierung als moderner Lern- und Arbeitsort \u201eeines der Highlights\u201c der Universit\u00e4t, verspricht Baudezernent M\u00fcnker. Die B\u00fcro- und Seminargeb\u00e4ude \u201eH\u201c und \u201eK\u201c erhalten unter anderem eine neue Raumaufteilung, auf einzelnen Etagen ist das schon sichtbar. Die Flure werden k\u00fcnftig breiter, in einer \u201eMittelzone\u201c entstehen gemeinschaftliche Aufenthalts- und Arbeitsfl\u00e4chen.<\/p>\n<p><strong>Hintergrund:<\/strong><\/p>\n<p>Die Ma\u00dfnahme ist Teil des \u201eHochschulbaukonsolidierungsprogramms\u201c (HKoP) des Landes NRW. Es steht ein Gesamtbudget von 113,7 Millionen Euro zur Verf\u00fcgung, den Gro\u00dfteil der Kosten tr\u00e4gt das Land NRW, 11 Prozent steuert die Universit\u00e4t Siegen bei. Der Sanierungsbereich umfasst mit rund 34.000 Quadratmetern etwa ein Drittel der gesamten Fl\u00e4che des Adolf-Reichwein-Campus.<\/p>\n<p>&nbsp;<\/p>\n","protected":false},"excerpt":{"rendered":"<p>Nach gut zehn Monaten Bauzeit auf dem Adolf-Reichwein-Campus ziehen die Verantwortlichen des Bau- und Liegenschaftsbetriebs NRW, der Baufirma Z\u00fcblin und der Universit\u00e4t Siegen ein positives&#8230;<\/p>\n","protected":false},"author":6,"featured_media":10305,"comment_status":"open","ping_status":"open","sticky":false,"template":"","format":"standard","meta":{"_jetpack_memberships_contains_paid_content":false,"footnotes":""},"categories":[8,30],"tags":[],"class_list":["post-10296","post","type-post","status-publish","format-standard","has-post-thumbnail","hentry","category-ausbildung","category-vermischtes"],"jetpack_featured_media_url":"https:\/\/www.vdsm.net\/wronline\/wp-content\/uploads\/2018\/08\/DSCF932.jpg","jetpack_sharing_enabled":true,"_links":{"self":[{"href":"https:\/\/www.vdsm.net\/wronline\/wp-json\/wp\/v2\/posts\/10296","targetHints":{"allow":["GET"]}}],"collection":[{"href":"https:\/\/www.vdsm.net\/wronline\/wp-json\/wp\/v2\/posts"}],"about":[{"href":"https:\/\/www.vdsm.net\/wronline\/wp-json\/wp\/v2\/types\/post"}],"author":[{"embeddable":true,"href":"https:\/\/www.vdsm.net\/wronline\/wp-json\/wp\/v2\/users\/6"}],"replies":[{"embeddable":true,"href":"https:\/\/www.vdsm.net\/wronline\/wp-json\/wp\/v2\/comments?post=10296"}],"version-history":[{"count":6,"href":"https:\/\/www.vdsm.net\/wronline\/wp-json\/wp\/v2\/posts\/10296\/revisions"}],"predecessor-version":[{"id":10316,"href":"https:\/\/www.vdsm.net\/wronline\/wp-json\/wp\/v2\/posts\/10296\/revisions\/10316"}],"wp:featuredmedia":[{"embeddable":true,"href":"https:\/\/www.vdsm.net\/wronline\/wp-json\/wp\/v2\/media\/10305"}],"wp:attachment":[{"href":"https:\/\/www.vdsm.net\/wronline\/wp-json\/wp\/v2\/media?parent=10296"}],"wp:term":[{"taxonomy":"category","embeddable":true,"href":"https:\/\/www.vdsm.net\/wronline\/wp-json\/wp\/v2\/categories?post=10296"},{"taxonomy":"post_tag","embeddable":true,"href":"https:\/\/www.vdsm.net\/wronline\/wp-json\/wp\/v2\/tags?post=10296"}],"curies":[{"name":"wp","href":"https:\/\/api.w.org\/{rel}","templated":true}]}}