{"id":10198,"date":"2018-08-13T14:25:15","date_gmt":"2018-08-13T12:25:15","guid":{"rendered":"https:\/\/www.vdsm.net\/wronline\/?p=10198"},"modified":"2018-08-13T14:34:12","modified_gmt":"2018-08-13T12:34:12","slug":"arbeitsagentur-informiert-arbeitgeber-ueber-leistungen-und-foerdergelder","status":"publish","type":"post","link":"https:\/\/www.vdsm.net\/wronline\/arbeitsagentur-informiert-arbeitgeber-ueber-leistungen-und-foerdergelder\/","title":{"rendered":"Arbeitsagentur informiert Arbeitgeber \u00fcber Leistungen und F\u00f6rdergelder"},"content":{"rendered":"<div id=\"attachment_10202\" style=\"width: 244px\" class=\"wp-caption alignleft\"><a href=\"https:\/\/www.vdsm.net\/wronline\/wp-content\/uploads\/2018\/08\/BENJAM2.jpg\"><img loading=\"lazy\" decoding=\"async\" aria-describedby=\"caption-attachment-10202\" class=\"wp-image-10202 size-medium\" src=\"https:\/\/www.vdsm.net\/wronline\/wp-content\/uploads\/2018\/08\/BENJAM2-234x300.jpg\" alt=\"\" width=\"234\" height=\"300\" srcset=\"https:\/\/www.vdsm.net\/wronline\/wp-content\/uploads\/2018\/08\/BENJAM2-234x300.jpg 234w, https:\/\/www.vdsm.net\/wronline\/wp-content\/uploads\/2018\/08\/BENJAM2-768x986.jpg 768w, https:\/\/www.vdsm.net\/wronline\/wp-content\/uploads\/2018\/08\/BENJAM2-798x1024.jpg 798w\" sizes=\"auto, (max-width: 234px) 100vw, 234px\" \/><\/a><p id=\"caption-attachment-10202\" class=\"wp-caption-text\">Benjamin Hecker, Teamleiter des Arbeitgeberservices der Agentur f\u00fcr Arbeit Siegen<\/p><\/div>\n<p>Benjamin Hecker, Teamleiter des Arbeitgeberservices der Agentur f\u00fcr Arbeit Siegen, stellt am 23. August 2018 im Rahmen einer Informationsveranstaltung die Leistungen und F\u00f6rdergelder der Arbeitsagentur f\u00fcr Arbeitgeber vor.<\/p>\n<p>Der vielzitierte Fachkr\u00e4ftemangel hat die Kreise Siegen-Wittgenstein und Olpe l\u00e4ngst erreicht. Unternehmen in unterschiedlichsten Branchen leiden unter dem knapper werdenden Personalangebot. Nutzen Sie Ihre Chance und lassen Sie sich zu alternativen Wegen der Fachkr\u00e4fterekrutierung beraten.<\/p>\n<p>Die Informationsveranstaltung beginnt um 15 Uhr und findet im BiZ Gruppenraum E.93 in der Agentur f\u00fcr Arbeit Siegen, Emilienstra\u00dfe 45, statt. Im Nachgang steht der Referent gerne noch f\u00fcr Fragen und Einzelberatungen zur Verf\u00fcgung.\u00a0Eine vorherige Anmeldung ist nicht erforderlich.<\/p>\n","protected":false},"excerpt":{"rendered":"<p>Benjamin Hecker, Teamleiter des Arbeitgeberservices der Agentur f\u00fcr Arbeit Siegen, stellt am 23. August 2018 im Rahmen einer Informationsveranstaltung die Leistungen und F\u00f6rdergelder der Arbeitsagentur&#8230;<\/p>\n","protected":false},"author":6,"featured_media":2674,"comment_status":"open","ping_status":"open","sticky":false,"template":"","format":"standard","meta":{"_jetpack_newsletter_access":"","_jetpack_dont_email_post_to_subs":false,"_jetpack_newsletter_tier_id":0,"_jetpack_memberships_contains_paywalled_content":false,"_jetpack_feature_clip_id":0,"_jetpack_memberships_contains_paid_content":false,"footnotes":"","jetpack_post_was_ever_published":false},"categories":[16,32,30,34],"tags":[],"class_list":["post-10198","post","type-post","status-publish","format-standard","has-post-thumbnail","hentry","category-arbeitsmarkt","category-infos","category-vermischtes","category-termine"],"jetpack_sharing_enabled":true,"jetpack_featured_media_url":"https:\/\/www.vdsm.net\/wronline\/wp-content\/uploads\/2015\/08\/wronline-header-arbeitsmarkt.jpg","_links":{"self":[{"href":"https:\/\/www.vdsm.net\/wronline\/wp-json\/wp\/v2\/posts\/10198","targetHints":{"allow":["GET"]}}],"collection":[{"href":"https:\/\/www.vdsm.net\/wronline\/wp-json\/wp\/v2\/posts"}],"about":[{"href":"https:\/\/www.vdsm.net\/wronline\/wp-json\/wp\/v2\/types\/post"}],"author":[{"embeddable":true,"href":"https:\/\/www.vdsm.net\/wronline\/wp-json\/wp\/v2\/users\/6"}],"replies":[{"embeddable":true,"href":"https:\/\/www.vdsm.net\/wronline\/wp-json\/wp\/v2\/comments?post=10198"}],"version-history":[{"count":4,"href":"https:\/\/www.vdsm.net\/wronline\/wp-json\/wp\/v2\/posts\/10198\/revisions"}],"predecessor-version":[{"id":10203,"href":"https:\/\/www.vdsm.net\/wronline\/wp-json\/wp\/v2\/posts\/10198\/revisions\/10203"}],"wp:featuredmedia":[{"embeddable":true,"href":"https:\/\/www.vdsm.net\/wronline\/wp-json\/wp\/v2\/media\/2674"}],"wp:attachment":[{"href":"https:\/\/www.vdsm.net\/wronline\/wp-json\/wp\/v2\/media?parent=10198"}],"wp:term":[{"taxonomy":"category","embeddable":true,"href":"https:\/\/www.vdsm.net\/wronline\/wp-json\/wp\/v2\/categories?post=10198"},{"taxonomy":"post_tag","embeddable":true,"href":"https:\/\/www.vdsm.net\/wronline\/wp-json\/wp\/v2\/tags?post=10198"}],"curies":[{"name":"wp","href":"https:\/\/api.w.org\/{rel}","templated":true}]}}