{"id":10165,"date":"2018-08-09T08:12:28","date_gmt":"2018-08-09T06:12:28","guid":{"rendered":"https:\/\/www.vdsm.net\/wronline\/?p=10165"},"modified":"2018-08-09T08:12:28","modified_gmt":"2018-08-09T06:12:28","slug":"ausbildungsstart-bei-mennekes-3","status":"publish","type":"post","link":"https:\/\/www.vdsm.net\/wronline\/ausbildungsstart-bei-mennekes-3\/","title":{"rendered":"Ausbildungsstart bei Mennekes"},"content":{"rendered":"<p>Stolze 21 Auszubildende starteten am 1. August bei der Mennekes Gruppe ins Berufsleben. Aktuell bildet das sauerl\u00e4ndische Familienunternehmen insgesamt 65 junge Erwachsene aus &#8211; ein neuer Rekord. \u201eBei uns waren die letzten Jahre von starkem Wachstum gepr\u00e4gt, und auch unsere Strategie f\u00fcr die kommenden\u00a0 Jahre zielt darauf ab. Deshalb freue ich mich, so viele junge Menschen wie noch nie zuvor bei MENNEKES zu\u00a0 begr\u00fc\u00dfen, die uns hoffentlich nach einer erfolgreichen Ausbildung zuk\u00fcnftig verst\u00e4rken k\u00f6nnen\u201c, so Christopher Mennekes.<\/p>\n<p>Jugendliche, die an einer Ausbildung in einem der 15 gewerblichen oder kaufm\u00e4nnischen Berufe bei Mennekes interessiert\u00a0 sind, k\u00f6nnen sich unter <a href=\"http:\/\/www.MENNEKES.de\" target=\"_blank\" rel=\"noopener\">www.MENNEKES.de<\/a> sowie auf Facebook informieren.<\/p>\n","protected":false},"excerpt":{"rendered":"<p>Stolze 21 Auszubildende starteten am 1. August bei der Mennekes Gruppe ins Berufsleben. Aktuell bildet das sauerl\u00e4ndische Familienunternehmen insgesamt 65 junge Erwachsene aus &#8211; ein&#8230;<\/p>\n","protected":false},"author":2,"featured_media":10166,"comment_status":"open","ping_status":"open","sticky":false,"template":"","format":"standard","meta":{"_jetpack_memberships_contains_paid_content":false,"footnotes":""},"categories":[8,10],"tags":[],"class_list":["post-10165","post","type-post","status-publish","format-standard","has-post-thumbnail","hentry","category-ausbildung","category-unternehmen"],"jetpack_featured_media_url":"https:\/\/www.vdsm.net\/wronline\/wp-content\/uploads\/2018\/08\/MENNEKES-Ausbildungsstart.jpg","jetpack_sharing_enabled":true,"_links":{"self":[{"href":"https:\/\/www.vdsm.net\/wronline\/wp-json\/wp\/v2\/posts\/10165","targetHints":{"allow":["GET"]}}],"collection":[{"href":"https:\/\/www.vdsm.net\/wronline\/wp-json\/wp\/v2\/posts"}],"about":[{"href":"https:\/\/www.vdsm.net\/wronline\/wp-json\/wp\/v2\/types\/post"}],"author":[{"embeddable":true,"href":"https:\/\/www.vdsm.net\/wronline\/wp-json\/wp\/v2\/users\/2"}],"replies":[{"embeddable":true,"href":"https:\/\/www.vdsm.net\/wronline\/wp-json\/wp\/v2\/comments?post=10165"}],"version-history":[{"count":1,"href":"https:\/\/www.vdsm.net\/wronline\/wp-json\/wp\/v2\/posts\/10165\/revisions"}],"predecessor-version":[{"id":10167,"href":"https:\/\/www.vdsm.net\/wronline\/wp-json\/wp\/v2\/posts\/10165\/revisions\/10167"}],"wp:featuredmedia":[{"embeddable":true,"href":"https:\/\/www.vdsm.net\/wronline\/wp-json\/wp\/v2\/media\/10166"}],"wp:attachment":[{"href":"https:\/\/www.vdsm.net\/wronline\/wp-json\/wp\/v2\/media?parent=10165"}],"wp:term":[{"taxonomy":"category","embeddable":true,"href":"https:\/\/www.vdsm.net\/wronline\/wp-json\/wp\/v2\/categories?post=10165"},{"taxonomy":"post_tag","embeddable":true,"href":"https:\/\/www.vdsm.net\/wronline\/wp-json\/wp\/v2\/tags?post=10165"}],"curies":[{"name":"wp","href":"https:\/\/api.w.org\/{rel}","templated":true}]}}