{"id":10136,"date":"2018-08-07T09:04:33","date_gmt":"2018-08-07T07:04:33","guid":{"rendered":"https:\/\/www.vdsm.net\/wronline\/?p=10136"},"modified":"2018-08-07T09:06:54","modified_gmt":"2018-08-07T07:06:54","slug":"zwei-neue-azubis-und-eine-duale-studentin-bei-8p","status":"publish","type":"post","link":"https:\/\/www.vdsm.net\/wronline\/zwei-neue-azubis-und-eine-duale-studentin-bei-8p\/","title":{"rendered":"Zwei neue Azubis und eine duale Studentin bei 8P\u00a0\u00a0\u00a0\u00a0"},"content":{"rendered":"<p>Auch in diesem Jahr hat die Kanzlei 8P aus Siegen wieder neue Auszubildende zum\/zur Steuerfachangestellten eingestellt. Am 1. August 2018 traten zwei Azubis ihre dreij\u00e4hrige Berufsausbildung an. Erstmalig wird auch eine duale Studentin in der Kanzlei t\u00e4tig sein \u2013 sie wird parallel zur verk\u00fcrzten zweieinhalbj\u00e4hrigen Ausbildung zur Steuerfachangestellten den international anerkannten Bachelor-Studiengang \u201eSteuerrecht\u201c an der FOM in K\u00f6ln absolvieren, sodass sie nach insgesamt dreieinhalb Jahren sowohl einen Ausbildungs- als auch einen Bachelorabschluss haben wird.<\/p>\n<p>Am ersten Tag der Ausbildung haben die drei Auszubildenden einen \u00dcberblick \u00fcber die Kanzlei und ihre Mitarbeiter\/innen bekommen. Neben einer allgemeinen Einf\u00fchrung in wichtige Themen rund um die Ausbildung und den Ausbildungsstart als Steuerfachangestelle\/r wurden den drei Neulingen auch die Niederlassungen in Siegen-Mitte, Freudenberg und Wilnsdorf gezeigt. Ein gemeinsames Mittagessen fand ebenfalls statt.<\/p>\n<p>Inhaltlich ging es am zweiten Tag mit einer Einweisung ins kanzleiinterne Dokumentenmanagementsystem, in die IT-Programme und die Telefonanlage weiter, bevor die drei Azubis dann in ihrem jeweiligen Team mit den ersten fachlichen T\u00e4tigkeiten vertraut gemacht wurden.<\/p>\n<p>Allen drei Auszubildenden w\u00fcnscht die Kanzlei 8P viel Erfolg und Gl\u00fcck f\u00fcr die n\u00e4chsten Jahre.<\/p>\n<p>&nbsp;<\/p>\n","protected":false},"excerpt":{"rendered":"<p>Auch in diesem Jahr hat die Kanzlei 8P aus Siegen wieder neue Auszubildende zum\/zur Steuerfachangestellten eingestellt. Am 1. August 2018 traten zwei Azubis ihre dreij\u00e4hrige&#8230;<\/p>\n","protected":false},"author":6,"featured_media":10138,"comment_status":"open","ping_status":"open","sticky":false,"template":"","format":"standard","meta":{"_jetpack_memberships_contains_paid_content":false,"footnotes":""},"categories":[10],"tags":[],"class_list":["post-10136","post","type-post","status-publish","format-standard","has-post-thumbnail","hentry","category-unternehmen"],"jetpack_featured_media_url":"https:\/\/www.vdsm.net\/wronline\/wp-content\/uploads\/2018\/08\/ZWEINE1.jpg","jetpack_sharing_enabled":true,"_links":{"self":[{"href":"https:\/\/www.vdsm.net\/wronline\/wp-json\/wp\/v2\/posts\/10136","targetHints":{"allow":["GET"]}}],"collection":[{"href":"https:\/\/www.vdsm.net\/wronline\/wp-json\/wp\/v2\/posts"}],"about":[{"href":"https:\/\/www.vdsm.net\/wronline\/wp-json\/wp\/v2\/types\/post"}],"author":[{"embeddable":true,"href":"https:\/\/www.vdsm.net\/wronline\/wp-json\/wp\/v2\/users\/6"}],"replies":[{"embeddable":true,"href":"https:\/\/www.vdsm.net\/wronline\/wp-json\/wp\/v2\/comments?post=10136"}],"version-history":[{"count":3,"href":"https:\/\/www.vdsm.net\/wronline\/wp-json\/wp\/v2\/posts\/10136\/revisions"}],"predecessor-version":[{"id":10142,"href":"https:\/\/www.vdsm.net\/wronline\/wp-json\/wp\/v2\/posts\/10136\/revisions\/10142"}],"wp:featuredmedia":[{"embeddable":true,"href":"https:\/\/www.vdsm.net\/wronline\/wp-json\/wp\/v2\/media\/10138"}],"wp:attachment":[{"href":"https:\/\/www.vdsm.net\/wronline\/wp-json\/wp\/v2\/media?parent=10136"}],"wp:term":[{"taxonomy":"category","embeddable":true,"href":"https:\/\/www.vdsm.net\/wronline\/wp-json\/wp\/v2\/categories?post=10136"},{"taxonomy":"post_tag","embeddable":true,"href":"https:\/\/www.vdsm.net\/wronline\/wp-json\/wp\/v2\/tags?post=10136"}],"curies":[{"name":"wp","href":"https:\/\/api.w.org\/{rel}","templated":true}]}}