{"id":10038,"date":"2018-07-31T14:18:34","date_gmt":"2018-07-31T12:18:34","guid":{"rendered":"https:\/\/www.vdsm.net\/wronline\/?p=10038"},"modified":"2018-07-31T14:24:17","modified_gmt":"2018-07-31T12:24:17","slug":"bruecken-im-fokus-mein-foto-von-der-a45-ihk-fotowettbewerb-startet","status":"publish","type":"post","link":"https:\/\/www.vdsm.net\/wronline\/bruecken-im-fokus-mein-foto-von-der-a45-ihk-fotowettbewerb-startet\/","title":{"rendered":"Br\u00fccken im Fokus &#8211; Mein Foto von der A45: IHK-Fotowettbewerb startet"},"content":{"rendered":"<p>Entlang der A45 wird es in den n\u00e4chsten Wochen wohl h\u00e4ufiger \u201eklick\u201c machen: Die IHK Siegen ruft zur Teilnahme am Fotowettbewerb \u201eBr\u00fccken im Fokus \u2013 mein Foto von der A45\u201c auf. Bis zum 27. Oktober 2018 k\u00f6nnen Aufnahmen eingesandt werden.<\/p>\n<p>Die Modernisierung der Sauerlandlinie ist eines der bedeutendsten Stra\u00dfenbauprojekte in der deutschen Nachkriegszeit: Mehr als drei Milliarden Euro sind f\u00fcr den sechsspurigen Ausbau und die Br\u00fcckenerneuerungen bis ca. 2032 vorgesehen. Die Autobahn ist eine wichtige wirtschaftliche Lebensader. Ohne sie h\u00e4tte sich unser Wirtschaftsraum in den vergangenen Jahrzehnten nicht so erfolgreich entwickeln k\u00f6nnen. Die heimischen Unternehmen haben ein hohes Interesse daran, dass diese Verkehrsachse m\u00f6glichst schnell wieder voll funktionsf\u00e4hig zur Verf\u00fcgung steht. Die IHK unterst\u00fctzt das Projekt deshalb nachdr\u00fccklich in vielf\u00e4ltiger Weise, unter anderem mit einem umfassenden Informationsangebot im Internet: <a href=\"http:\/\/www.a45wirdneu.de\/\" target=\"_blank\" rel=\"noopener\">www.a45wirdneu.de.<\/a><\/p>\n<p>\u201eMit dem Fotowettbewerb wollen wir dazu beitragen, auf das Gesamtprojekt A45 aufmerksam zu machen und f\u00fcr die unvermeidlichen Beeintr\u00e4chtigungen fr\u00fchzeitig zu sensibilisieren. Mit der Aktion wollen wir sichtbar machen, wie die Menschen die Br\u00fcckenbauwerke der A45 erleben. M\u00f6gliche Motive reichen von der Detailaufnahme, der Totalen im Abendrot bis hin zur k\u00fcnstlerischen Bearbeitung. Wir freuen uns auf ungewohnte und spannende Perspektiven\u201c, betont IHK-Pr\u00e4sident Felix G. Hensel.<\/p>\n<p>F\u00fcr die Planung und Durchf\u00fchrung der Bauma\u00dfnahmen an der A45 ist der Landesbetrieb Stra\u00dfenbau NRW verantwortlich. Projektleiter Karl-Hermann Metz begr\u00fc\u00dft die Aktion. Mit umfassender Information gelinge es grunds\u00e4tzlich besser, m\u00f6gliche Interessenskonflikte mit Betroffenen fr\u00fchzeitig aufzudecken und aufzul\u00f6sen, sodass zeitliche Verz\u00f6gerungen wirksam vermieden werden k\u00f6nnten: \u201eViele Menschen verbinden mit der Autobahn zudem mehr als nur eine wichtige Stra\u00dfe. Die \u201aSauerlandlinie\u2019 ist auch ein St\u00fcck Heimat. Vor allem ihre teils imposanten Br\u00fcckenbauwerke pr\u00e4gen das Landschaftsbild. Sich etwas mehr mit ihnen zu besch\u00e4ftigen, lohnt sich: Die Br\u00fccken sind immer auch Ergebnis und Ausdruck zeitgen\u00f6ssischer Ingenieurskunst!\u201c Grund genug also, in den n\u00e4chsten Wochen die Kamera auf eine oder mehrere Autobahnbr\u00fccken zu richten und auf den Ausl\u00f6ser zu dr\u00fccken. Teilnehmen kann gem\u00e4\u00df Teilnahmebedingungen jeder. Der Schnappschuss eines Spazierg\u00e4ngers ist ebenso willkommen wie die bearbeitete Aufnahme des Profis. Beitr\u00e4ge k\u00f6nnen je nach Art der Aufnahme in den Kategorien \u201eOriginalfotografie\u201c und \u201eExperimentelle Fotografie\u201c eingesandt werden.<\/p>\n<p>Die Teilnahme ist einfach: Die Aufnahmen k\u00f6nnen unter \u201e<a href=\"http:\/\/www.a45wirdneu.net\/\" target=\"_blank\" rel=\"noopener\">www.a45wirdneu.net<\/a>\u201c hochgeladen werden. Bei den Einsendungen werden ausschlie\u00dflich Motive aus dem Bezirk der IHK Siegen (Kreise Siegen-Wittgenstein und Olpe) ber\u00fccksichtigt. Die Bilder sollen m\u00f6glichst aktuell und m\u00fcssen in \u00f6ffentlich frei zug\u00e4nglichen Bereichen aufgenommen worden sein. Es d\u00fcrfen pro Teilnehmer maximal drei Bilder eingereicht werden. Die Fotodateien sollen mindestens 5 MB gro\u00df sein. Neben dem Foto sind Name und E-Mail-Adresse des Teilnehmers sowie Ort und Zeitpunkt der Aufnahme anzugeben.<\/p>\n<p>Das Pr\u00e4sidium der IHK Siegen hat eine fachkundige Jury eingesetzt, die mit der Ermittlung der Gewinner betraut ist. Den Gewinnern winken attraktive Preise: Die Erstplatzierten in den beiden Kategorien erhalten als Siegespr\u00e4mie je 1000 Euro, die Zweitplatzierten je 750 Euro, die Drittplatzierten je 500 Euro. Dar\u00fcber hinaus sind weitere Preise vorgesehen. Die Jury w\u00e4hlt au\u00dferdem neben den sechs Gewinnerbeitr\u00e4gen weitere Beitr\u00e4ge aus, auf die eine besondere Anerkennung wartet: Sie werden im Rahmen der Ausstellungsreihe \u201eIHKansichten\u201c im kommenden Jahr \u00f6ffentlich ausgestellt und damit einem breiten Publikum vorgestellt. Mit Einreichung ihrer Fotos geben die Teilnehmer gleichzeitig ihre Zustimmung, dass ihre Bilder durch die IHK Siegen f\u00fcr Informationsmaterialien und \u00d6ffentlichkeitsarbeit mit Bezug zur A45 genutzt werden d\u00fcrfen.<\/p>\n<p>Der Fotowettbewerb wird in Abstimmung mit Stra\u00dfen.NRW durchgef\u00fchrt.\u00a0Weitere Informationen und Teilnahmebedingungen zum Fotowettbewerb: <a href=\"http:\/\/www.a45wirdneu.net\/\" target=\"_blank\" rel=\"noopener\">www.a45wirdneu.net<\/a> . Alle Hintergrundinformationen zu den Bauma\u00dfnahmen: <a href=\"http:\/\/www.a45wirdneu.de\/\" target=\"_blank\" rel=\"noopener\">www.a45wirdneu.de<\/a> .<\/p>\n","protected":false},"excerpt":{"rendered":"<p>Entlang der A45 wird es in den n\u00e4chsten Wochen wohl h\u00e4ufiger \u201eklick\u201c machen: Die IHK Siegen ruft zur Teilnahme am Fotowettbewerb \u201eBr\u00fccken im Fokus \u2013&#8230;<\/p>\n","protected":false},"author":6,"featured_media":10044,"comment_status":"open","ping_status":"open","sticky":false,"template":"","format":"standard","meta":{"_jetpack_memberships_contains_paid_content":false,"footnotes":""},"categories":[11],"tags":[],"class_list":["post-10038","post","type-post","status-publish","format-standard","has-post-thumbnail","hentry","category-regionale-wirtschaft"],"jetpack_featured_media_url":"https:\/\/www.vdsm.net\/wronline\/wp-content\/uploads\/2018\/07\/068-18-Fotowettbewerb-A45_WEB.jpg","jetpack_sharing_enabled":true,"_links":{"self":[{"href":"https:\/\/www.vdsm.net\/wronline\/wp-json\/wp\/v2\/posts\/10038","targetHints":{"allow":["GET"]}}],"collection":[{"href":"https:\/\/www.vdsm.net\/wronline\/wp-json\/wp\/v2\/posts"}],"about":[{"href":"https:\/\/www.vdsm.net\/wronline\/wp-json\/wp\/v2\/types\/post"}],"author":[{"embeddable":true,"href":"https:\/\/www.vdsm.net\/wronline\/wp-json\/wp\/v2\/users\/6"}],"replies":[{"embeddable":true,"href":"https:\/\/www.vdsm.net\/wronline\/wp-json\/wp\/v2\/comments?post=10038"}],"version-history":[{"count":8,"href":"https:\/\/www.vdsm.net\/wronline\/wp-json\/wp\/v2\/posts\/10038\/revisions"}],"predecessor-version":[{"id":10053,"href":"https:\/\/www.vdsm.net\/wronline\/wp-json\/wp\/v2\/posts\/10038\/revisions\/10053"}],"wp:featuredmedia":[{"embeddable":true,"href":"https:\/\/www.vdsm.net\/wronline\/wp-json\/wp\/v2\/media\/10044"}],"wp:attachment":[{"href":"https:\/\/www.vdsm.net\/wronline\/wp-json\/wp\/v2\/media?parent=10038"}],"wp:term":[{"taxonomy":"category","embeddable":true,"href":"https:\/\/www.vdsm.net\/wronline\/wp-json\/wp\/v2\/categories?post=10038"},{"taxonomy":"post_tag","embeddable":true,"href":"https:\/\/www.vdsm.net\/wronline\/wp-json\/wp\/v2\/tags?post=10038"}],"curies":[{"name":"wp","href":"https:\/\/api.w.org\/{rel}","templated":true}]}}