{"id":1,"date":"2011-12-02T09:12:20","date_gmt":"2011-12-02T09:12:20","guid":{"rendered":"http:\/\/www.vdsm.net\/wronline\/?p=1"},"modified":"2011-12-02T12:14:10","modified_gmt":"2011-12-02T11:14:10","slug":"hallo-welt","status":"publish","type":"post","link":"https:\/\/www.vdsm.net\/wronline\/hallo-welt\/","title":{"rendered":"Walter Mennekes mit dem Bundespr\u00e4sidenten auf Japan-Reise"},"content":{"rendered":"<div id=\"attachment_28\" style=\"width: 270px\" class=\"wp-caption alignleft\"><a href=\"http:\/\/www.vdsm.net\/wronline\/wp-content\/uploads\/2011\/12\/mennekes-web.jpg\"><img loading=\"lazy\" decoding=\"async\" aria-describedby=\"caption-attachment-28\" class=\"size-full wp-image-28 \" title=\"mennekes-web\" src=\"http:\/\/www.vdsm.net\/wronline\/wp-content\/uploads\/2011\/12\/mennekes-web.jpg\" alt=\"Walter Mennekes und Bundespr\u00e4sident Christian Wulff in Japan.\" width=\"260\" height=\"227\" \/><\/a><p id=\"caption-attachment-28\" class=\"wp-caption-text\">Walter Mennekes und Bundespr\u00e4sident Christian Wulff in Japan.<\/p><\/div>\n<p>Kirchhundem, 4. November 2011. Nach den Kanzlern Kohl und Schr\u00f6der sowie der amtierenden Bundeskanzlerin ist es diesmal der Bundespr\u00e4sident Christian Wulf, der den mittelst\u00e4ndischen Unternehmer Walter Mennekes aus Kirchhundem eingeladen hatte, ihn auf einer 7-Tage-Reise im Oktober 2011 nach Japan zu begleiten. Walter Mennekes geh\u00f6rt damit zu einer eher kleinen, aber namhaften Wirtschaftsdelegation, die in Japan nach dem schweren Erdbeben, dem Tsunami und den dadurch verursachten atomaren Supergau den leidgepr\u00fcften Japanern das Mitgef\u00fchl der Deutschen zum Ausdruck brachten, Unterst\u00fctzung anboten und Mut machten.<\/p>\n<p>Deshalb war neben Tokio sowie den St\u00e4dten Nagoya und Osaka ein Hauptziel der Reise das Katastrophengebiet im Nord-Osten Japans. In Iwaki, einer Stadt unweit von Fukushima, trafen sich Bundespr\u00e4sident Christian Wulff und Begleitung mit in Behelfswohnungen untergebrachten Evakuierten aus dem verstrahlten Gebiet. Zuvor wurde ein Teil der Delegation in Tokio von Kaiser Akihito sowie vom japanischen Ministerpr\u00e4sidenten Yoshihiko Noda empfangen, und es gab \u00fcberdies reichlich Gelgenheit, mit f\u00fchrenden Repr\u00e4sentanten aus Politik, Wissenschaft und Wirtschaft Gespr\u00e4che zu f\u00fchren.<\/p>\n<p>&#8222;Mich bewegt das Japan danach. In Japan selbst, vor allem in dem zerst\u00f6rten Gebiet sehen wir noch am besten, wie wir den Japanern beim Wiederaufbau helfen k\u00f6nnen. Unser Ziel war es, nach Erdbeben, Tsunami und Atomunfall von Fukushima im M\u00e4rz unsere bestehenden Wirtschaftskontakte zu intensivieren bzw. neue aufzubauen und so dazu beizutragen, dass wieder ein St\u00fcck Normalit\u00e4t in Japan einkehren kann. Unsere Unterst\u00fctzung f\u00fcr die Menschen und die Wirtschaft in Japan ist heute wichtiger denn je&#8220;, beschreibt der Unternehmer aus Kirchhundem seine Beweggr\u00fcnde, an der Reise teilzunehmen.<\/p>\n","protected":false},"excerpt":{"rendered":"<p>Kirchhundem, 4. November 2011. Nach den Kanzlern Kohl und Schr\u00f6der sowie der amtierenden Bundeskanzlerin ist es diesmal der Bundespr\u00e4sident Christian Wulf, der den mittelst\u00e4ndischen Unternehmer&#8230;<\/p>\n","protected":false},"author":2,"featured_media":28,"comment_status":"open","ping_status":"open","sticky":false,"template":"","format":"standard","meta":{"_jetpack_memberships_contains_paid_content":false,"footnotes":""},"categories":[10],"tags":[],"class_list":["post-1","post","type-post","status-publish","format-standard","has-post-thumbnail","hentry","category-unternehmen"],"jetpack_featured_media_url":"https:\/\/www.vdsm.net\/wronline\/wp-content\/uploads\/2011\/12\/mennekes-web.jpg","jetpack_sharing_enabled":true,"_links":{"self":[{"href":"https:\/\/www.vdsm.net\/wronline\/wp-json\/wp\/v2\/posts\/1","targetHints":{"allow":["GET"]}}],"collection":[{"href":"https:\/\/www.vdsm.net\/wronline\/wp-json\/wp\/v2\/posts"}],"about":[{"href":"https:\/\/www.vdsm.net\/wronline\/wp-json\/wp\/v2\/types\/post"}],"author":[{"embeddable":true,"href":"https:\/\/www.vdsm.net\/wronline\/wp-json\/wp\/v2\/users\/2"}],"replies":[{"embeddable":true,"href":"https:\/\/www.vdsm.net\/wronline\/wp-json\/wp\/v2\/comments?post=1"}],"version-history":[{"count":6,"href":"https:\/\/www.vdsm.net\/wronline\/wp-json\/wp\/v2\/posts\/1\/revisions"}],"predecessor-version":[{"id":27,"href":"https:\/\/www.vdsm.net\/wronline\/wp-json\/wp\/v2\/posts\/1\/revisions\/27"}],"wp:featuredmedia":[{"embeddable":true,"href":"https:\/\/www.vdsm.net\/wronline\/wp-json\/wp\/v2\/media\/28"}],"wp:attachment":[{"href":"https:\/\/www.vdsm.net\/wronline\/wp-json\/wp\/v2\/media?parent=1"}],"wp:term":[{"taxonomy":"category","embeddable":true,"href":"https:\/\/www.vdsm.net\/wronline\/wp-json\/wp\/v2\/categories?post=1"},{"taxonomy":"post_tag","embeddable":true,"href":"https:\/\/www.vdsm.net\/wronline\/wp-json\/wp\/v2\/tags?post=1"}],"curies":[{"name":"wp","href":"https:\/\/api.w.org\/{rel}","templated":true}]}}